{"id":21,"count":5,"description":"<h2 class=\"wp-block-heading nachh1\">Ich kann w\u00e4hlen und kombinieren.<\/h2>\r\nDie Kernmodule der Masterstudieng\u00e4nge <a href=\"https:\/\/karlshochschule.de\/de\/master\/master-in-social-transformation-politics-philosophy-amp-economics-ppe.html\" data-type=\"post\" data-id=\"93\">PPE \u2013 Master in Social TransFormation<\/a> und <a href=\"https:\/\/karlshochschule.de\/de\/master\/master-in-management.html\" data-type=\"post\" data-id=\"41\">Master in Management<\/a> sind das Grundger\u00fcst in meinem Studium. Erg\u00e4nzt werden sie durch zwei <strong>Wahlmodule<\/strong>, die ich je nach meinen spezifischen Interessen w\u00e4hlen kann.\r\n\r\nDiese Spezialisierungen geben mir nicht nur die M\u00f6glichkeit, mich in einem bestimmten Bereich zu qualifizieren und die Chancen auf eine Arbeitsstelle in diesem Bereich zu erh\u00f6hen. Sie helfen gleichzeitig, mit und von meinen Mitstudierenden zu lernen, die einen anderen Hintergrund und eine andere Ausrichtung haben. Bei der Wahl meiner Spezialisierung stelle ich mir Fragen wie: \u201eWor\u00fcber m\u00f6chte ich mehr wissen? Was interessiert mich oder was f\u00fchlt sich richtig an? Worin m\u00f6chte ich gut sein?\u201c\r\n<h3 class=\"wp-block-heading\">Unsere Master Spezialisierungen in der \u00dcbersicht<\/h3>\r\n\r\n<hr class=\"wp-block-separator has-alpha-channel-opacity\" \/>\r\n\r\n<div class=\"wp-block-columns is-layout-flex wp-container-core-columns-layout-1 wp-block-columns-is-layout-flex\">\r\n<div class=\"wp-block-column is-layout-flow wp-block-column-is-layout-flow\" style=\"flex-basis: 25%\">\r\n<figure class=\"wp-block-image size-full\"><img class=\"wp-image-324\" style=\"object-fit: cover\" src=\"https:\/\/karlshochschule.de\/wp-content\/uploads\/Master-Specialization-Brand-Stories.jpg\" alt=\"\" width=\"250\" height=\"208\" \/><\/figure>\r\n<\/div>\r\n<div class=\"wp-block-column is-layout-flow wp-block-column-is-layout-flow\" style=\"flex-basis: 75%\">\r\n<h3 class=\"wp-block-heading\">Brands &amp; Stories<\/h3>\r\nWer Ideen in die Welt hinaustragen will, f\u00fcr Produkte und Dienstleistungen wirbt, Menschen und ihre Visionen popul\u00e4r machen m\u00f6chte, der muss in Marken und Geschichten denken. Marken k\u00f6nnen vieles sein, eine technologische Innovation, ein Unverpackt-Laden, ein Kunstmuseum, ein B\u00fcrgermeisterkandidat oder eine Umweltbewegung. In dieser Spezialisierung lernst du, Marken zu verstehen, Geschichten \u00fcber sie zu erz\u00e4hlen, die Menschen zu fesseln und auch innovativ zu sein, wenn neue Herausforderungen entstehen.\r\n<ul>\r\n \t<li>Mehr zur Master <a href=\"https:\/\/karlshochschule.de\/de\/master\/master-spezialisierungen\/die-spezialisierung-brands-stories.html\" data-type=\"post\" data-id=\"352\">Spezialisierung Brands &amp; Stories<\/a><\/li>\r\n<\/ul>\r\n<\/div>\r\n<\/div>\r\n\r\n<hr class=\"wp-block-separator has-alpha-channel-opacity\" \/>\r\n\r\n<div class=\"wp-block-columns is-layout-flex wp-container-core-columns-layout-2 wp-block-columns-is-layout-flex\">\r\n<div class=\"wp-block-column is-layout-flow wp-block-column-is-layout-flow\" style=\"flex-basis: 25%\">\r\n<figure class=\"wp-block-image size-full\"><img class=\"wp-image-331\" style=\"object-fit: cover\" src=\"https:\/\/karlshochschule.de\/wp-content\/uploads\/Master-Specialization-Diversity-Leadership-Feminism.jpg\" alt=\"\" width=\"250\" height=\"208\" \/><\/figure>\r\n<\/div>\r\n<div class=\"wp-block-column is-layout-flow wp-block-column-is-layout-flow\" style=\"flex-basis: 75%\">\r\n<h3 class=\"wp-block-heading\">Human Resources &amp; Diversity<\/h3>\r\nDiversit\u00e4t ist f\u00fcr die Gesellschaft und Organisationen eine Existenzfrage, denn sie ist die Hauptquelle ihrer St\u00e4rken und Ressourcen. Hier lernst du, Identit\u00e4ten als Ursprung von Diversit\u00e4t zu erkennen (z. B. Geschlechter, Alter, kultureller Hintergrund), die Chancen auf Vielfalt sozialer und organisationaler Kulturen zu analysieren, Macht und Privilegien herauszufordern und Prozesse zu moderieren, um Diversit\u00e4tspotenzial zu entfalten und Organisationen n\u00e4her an Menschen heranzuf\u00fchren und Gesellschaften koh\u00e4siver zu gestalten.\r\n<ul>\r\n \t<li>Mehr zur Master <a href=\"https:\/\/karlshochschule.de\/de\/master\/master-spezialisierungen\/spezialisierung-diversity-leadership-feminism.html\" data-type=\"post\" data-id=\"361\">Spezialisierung Human Resources &amp; Diversity<\/a><\/li>\r\n<\/ul>\r\n<\/div>\r\n<\/div>\r\n\r\n<hr class=\"wp-block-separator has-alpha-channel-opacity\" \/>\r\n\r\n<div class=\"wp-block-columns is-layout-flex wp-container-core-columns-layout-3 wp-block-columns-is-layout-flex\">\r\n<div class=\"wp-block-column is-layout-flow wp-block-column-is-layout-flow\" style=\"flex-basis: 25%\">\r\n<figure class=\"wp-block-image size-full\"><img class=\"wp-image-333\" style=\"object-fit: cover\" src=\"https:\/\/karlshochschule.de\/wp-content\/uploads\/Master-Specialization-Digital-Media.jpg\" alt=\"\" width=\"250\" height=\"208\" \/><\/figure>\r\n<\/div>\r\n<div class=\"wp-block-column is-layout-flow wp-block-column-is-layout-flow\" style=\"flex-basis: 75%\">\r\n<h3 class=\"wp-block-heading\">Digital Media<\/h3>\r\nDigitalisierung ist nicht nur eine technologische Entwicklung \u2013 in digitalen Medien kommunizieren Menschen schneller und vernetzter. Es bilden sich neuartige soziale Strukturen und eine v\u00f6llig neue Kultur. Du lernst, diese digitale Kultur und ihre Ph\u00e4nomene zu verstehen. Aus diesem Verst\u00e4ndnis heraus diskutieren wir, wie wir digitale Communities pflegen, ihre Dynamiken nutzen oder kritisch begleiten. Zuletzt entwickeln wir praktische M\u00f6glichkeiten, wie wir digitale Communities transformieren \u2013 und wie diese die Welt transformieren k\u00f6nnen.\r\n<ul>\r\n \t<li>Mehr zur Master <a href=\"https:\/\/karlshochschule.de\/de\/master\/master-spezialisierungen\/spezialisierung-digital-media.html\" data-type=\"post\" data-id=\"368\">Spezialisierung Digital Media<\/a><\/li>\r\n<\/ul>\r\n<\/div>\r\n<\/div>\r\n\r\n<hr class=\"wp-block-separator has-alpha-channel-opacity\" \/>\r\n\r\n<div class=\"wp-block-columns is-layout-flex wp-container-core-columns-layout-4 wp-block-columns-is-layout-flex\">\r\n<div class=\"wp-block-column is-layout-flow wp-block-column-is-layout-flow\" style=\"flex-basis: 25%\">\r\n<figure class=\"wp-block-image size-full\"><img class=\"wp-image-336\" style=\"object-fit: cover\" src=\"https:\/\/karlshochschule.de\/wp-content\/uploads\/Master-Specialization-Sustainability-Urban-Developement.jpg\" alt=\"\" width=\"250\" height=\"208\" \/><\/figure>\r\n<\/div>\r\n<div class=\"wp-block-column is-layout-flow wp-block-column-is-layout-flow\" style=\"flex-basis: 75%\">\r\n<h3 class=\"wp-block-heading\">Sustainability &amp; Urban Development<\/h3>\r\nErschaffen wir eine nachhaltige Zukunft! Ein integrales Verst\u00e4ndnis und eine ganzheitliche Praxis der Nachhaltigkeit geht weit \u00fcber \u201egr\u00fcne\u201c Lebensstile oder kurzlebige Hypes hinaus. Vielmehr verbindet sie \u00d6kologie, Geographien, St\u00e4dte, Technologien und Politik, also auch soziale und kulturelle Werte. Du setzt dich kritisch mit spezifischen Themen und Anwendungen von Nachhaltigkeit (z. B. Degrowth, Transition Towns) auseinander, um soziale, wirtschaftliche und unternehmerische Praktiken mit Empathie und Verantwortung zu transformieren.\r\n<ul>\r\n \t<li>Mehr zur Master Spezialisierung <a href=\"https:\/\/karlshochschule.de\/de\/master\/master-spezialisierungen\/spezialisierung-sustainability-urban-developement.html\" data-type=\"post\" data-id=\"376\">Sustainability &amp; Urban Development<\/a><\/li>\r\n<\/ul>\r\n<\/div>\r\n<\/div>\r\n\r\n<hr class=\"wp-block-separator has-alpha-channel-opacity\" \/>\r\n\r\n<div class=\"wp-block-columns is-layout-flex wp-container-core-columns-layout-5 wp-block-columns-is-layout-flex\">\r\n<div class=\"wp-block-column is-layout-flow wp-block-column-is-layout-flow\" style=\"flex-basis: 25%\">\r\n<figure class=\"wp-block-image size-full\"><img class=\"wp-image-338\" style=\"object-fit: cover\" src=\"https:\/\/karlshochschule.de\/wp-content\/uploads\/Master-Specialization-Globalization-Governance-Trade.jpg\" alt=\"\" width=\"250\" height=\"209\" \/><\/figure>\r\n<\/div>\r\n<div class=\"wp-block-column is-layout-flow wp-block-column-is-layout-flow\" style=\"flex-basis: 75%\">\r\n<h3 class=\"wp-block-heading\">Globalization, Governance &amp; Trade<\/h3>\r\nDie Globalisierung trug im letzten halben Jahrhundert zu einem erh\u00f6hten Lebensstandard und R\u00fcckgang der Armut bei. Auch f\u00fchrte sie zur Ausbeutung von Mensch und Natur. L\u00e4sst sich die Globalisierung \u201ekorrigieren\u201c, damit sie allen gerecht wird? Du lernst die Chancen und Risiken der Globalisierung kennen und wie der globale Handel soziale und wirtschaftliche Ungleichheiten erzeugen kann. Du erforscht nachhaltige Alternativen zu aktuellen Handelspraktiken und erkundest das Transformationspotenzial von Global Governance.\r\n<ul>\r\n \t<li>Mehr zur Master Spezialisierung <a href=\"https:\/\/karlshochschule.de\/de\/master\/master-spezialisierungen\/spezialisierung-globalization-governance-trade.html\" data-type=\"post\" data-id=\"388\">Globalization, Governance &amp; Trade<\/a><\/li>\r\n<\/ul>\r\n<\/div>\r\n<\/div>\r\n\r\n<hr class=\"wp-block-separator has-alpha-channel-opacity\" \/>\r\n\r\n<div class=\"wp-block-group mastergroup is-layout-constrained wp-block-group-is-layout-constrained\">\r\n<div class=\"wp-block-group__inner-container\">\r\n<h2 class=\"wp-block-heading\">Master-Spezialisierungen \u2013 Alles auf einen Blick<\/h2>\r\n<div class=\"wp-block-columns is-layout-flex wp-container-core-columns-layout-6 wp-block-columns-is-layout-flex\">\r\n<div class=\"wp-block-column is-layout-flow wp-block-column-is-layout-flow\">\r\n<h3 class=\"wp-block-heading\">Bewerbungsfrist<\/h3>\r\nEU: 1. Okt., Nicht-EU: 15. Jul. oder sp\u00e4ter, je nach Visaprozess des Heimatlandes\r\n<h3 class=\"wp-block-heading\">Studienstart<\/h3>\r\nOktober\r\n\r\n<\/div>\r\n<div class=\"wp-block-column is-layout-flow wp-block-column-is-layout-flow\">\r\n<h3 class=\"wp-block-heading\">Studiendauer<\/h3>\r\n4 Semester\r\n<h3 class=\"wp-block-heading\">Studiengeb\u00fchr<\/h3>\r\n790 \u20ac \/ Monat\r\n<h3 class=\"wp-block-heading\">ECTS-Punkte<\/h3>\r\n120\r\n\r\n<\/div>\r\n<div class=\"wp-block-column is-layout-flow wp-block-column-is-layout-flow\">\r\n<h3 class=\"wp-block-heading\">Lehrsprache<\/h3>\r\nEnglisch\r\n<h3 class=\"wp-block-heading\">Vorlesungen<\/h3>\r\nDonnerstagabend, Freitag bis Samstagmittag (sowie Blockseminare)\r\n\r\n<\/div>\r\n<\/div>\r\n<\/div>\r\n<\/div>\r\n\r\n<hr \/>","link":"https:\/\/www.karlshochschule.de\/de\/master\/master-spezialisierungen","name":"Master Spezialisierungen","slug":"master-spezialisierungen","taxonomy":"category","parent":10,"meta":[],"z_taxonomy_image_url":"https:\/\/www.karlshochschule.de\/wp-content\/uploads\/Header-Master-Specializations-Overview.webp","_links":{"self":[{"href":"https:\/\/www.karlshochschule.de\/de\/wp-json\/wp\/v2\/categories\/21","targetHints":{"allow":["GET"]}}],"collection":[{"href":"https:\/\/www.karlshochschule.de\/de\/wp-json\/wp\/v2\/categories"}],"about":[{"href":"https:\/\/www.karlshochschule.de\/de\/wp-json\/wp\/v2\/taxonomies\/category"}],"up":[{"embeddable":true,"href":"https:\/\/www.karlshochschule.de\/de\/wp-json\/wp\/v2\/categories\/10"}],"wp:post_type":[{"href":"https:\/\/www.karlshochschule.de\/de\/wp-json\/wp\/v2\/posts?categories=21"}],"curies":[{"name":"wp","href":"https:\/\/api.w.org\/{rel}","templated":true}]}}