{"id":114,"date":"2023-11-10T15:12:27","date_gmt":"2023-11-10T14:12:27","guid":{"rendered":"https:\/\/karlshochschule.de\/?p=114"},"modified":"2025-06-06T15:10:36","modified_gmt":"2025-06-06T13:10:36","slug":"premaster-bereit-fuer-den-naechsten-schritt","status":"publish","type":"post","link":"https:\/\/www.karlshochschule.de\/de\/master\/premaster-bereit-fuer-den-naechsten-schritt.html","title":{"rendered":"PreMaster &#8211; Bereit f\u00fcr den n\u00e4chsten Schritt."},"content":{"rendered":"\n<h2 class=\"wp-block-heading nachh1\">Was ist der PreMaster?<\/h2>\n\n\n\n<p>Der PreMaster an der Karls ist ein zweisemestriger Teilzeit-Vorbereitungskurs auf Englisch, der jedes Wintersemester angeboten wird. Im PreMaster erschlie\u00dft du dir in verschiedenen Modulen die relevanten Grundlagen in den Bereichen Business Management, Wirtschaftswissenschaften, wissenschaftlichem Arbeiten und anderen Themenfeldern, die du brauchst, um gut vorbereitet und erfolgreich in unsere Masterstudieng\u00e4nge einzusteigen, die ebenfalls jedes Jahr im Wintersemester starten.<\/p>\n\n\n\n<h4 class=\"wp-block-heading\">Der PreMaster kann in zwei Modellen durchgef\u00fchrt werden:<\/h4>\n\n\n\n<div class=\"wp-block-columns is-layout-flex wp-container-core-columns-is-layout-9d6595d7 wp-block-columns-is-layout-flex\">\n<div class=\"wp-block-column is-layout-flow wp-block-column-is-layout-flow\">\n<p>Du absolvierst den PreMaster vor dem jeweiligen Master-Programm \u2013 dann betr\u00e4gt deine Regelstudienzeit 3 Jahre (1 Jahr PreMaster + 2 Jahre M.A.)<\/p>\n<\/div>\n\n\n\n<div class=\"wp-block-column is-layout-flow wp-block-column-is-layout-flow\">\n<p>Du absolvierst den PreMaster parallel zum 1. Jahr des jeweiligen Master-Programms \u2013 dann betr\u00e4gt deine Regelstudienzeit 2 Jahre (1. Jahr: PreMaster und die Semester 1 &amp; 2 des M.A., 2. Jahr: die Semester 3 &amp; 4 des M.A.).<\/p>\n<\/div>\n<\/div>\n\n\n\n<p>Wenn du den PreMaster erfolgreich abgeschlossen hast, erh\u00e4ltst du ein offizielles PreMaster-Zertifikat, sowie ein entsprechendes Transcript of Records. Das hei\u00dft: auf der einen Seite ist der PreMaster m\u00f6glicherweise ein Mittel, dir zu helfen, die notwendigen formellen Voraussetzungen f\u00fcr eine Zulassung zum Masterstudium an der Karls zu erf\u00fcllen. Auf der anderen Seite bietet er dir aber noch einiges mehr.<\/p>\n\n\n\n<p><strong>Der PreMaster startet jeweils zum Wintersemester.<\/strong><\/p>\n\n\n\n<h3 class=\"wp-block-heading\">PreMaster Programmleitung<\/h3>\n\n\n\n<p><strong>Prof. Dr. Wendelin K\u00fcpers<\/strong><\/p>\n\n\n\n<div class=\"wp-block-group mastergroup\"><div class=\"wp-block-group__inner-container is-layout-constrained wp-block-group-is-layout-constrained\">\n<h2 class=\"wp-block-heading\">PreMaster &#8211; Alles auf einen Blick<\/h2>\n\n\n\n<div class=\"wp-block-columns is-layout-flex wp-container-core-columns-is-layout-9d6595d7 wp-block-columns-is-layout-flex\">\n<div class=\"wp-block-column is-layout-flow wp-block-column-is-layout-flow\">\n<h3 class=\"wp-block-heading\">Bewerbungsfrist<\/h3>\n\n\n\n<p>EU: 1. September, Nicht-EU: 15. Juli<\/p>\n\n\n\n<h3 class=\"wp-block-heading\">Studienstart<\/h3>\n\n\n\n<p>September<\/p>\n\n\n\n<h3 class=\"wp-block-heading\">Studiendauer<\/h3>\n\n\n\n<p>2 Semester<\/p>\n<\/div>\n\n\n\n<div class=\"wp-block-column is-layout-flow wp-block-column-is-layout-flow\">\n<h3 class=\"wp-block-heading\">Studiengeb\u00fchr<\/h3>\n\n\n\n<p>375 \u20ac \/ Monat<\/p>\n\n\n\n<h3 class=\"wp-block-heading\">ECTS-Punkte<\/h3>\n\n\n\n<p>30<\/p>\n\n\n\n<h3 class=\"wp-block-heading\">Lehrsprache<\/h3>\n\n\n\n<p>Englisch <\/p>\n<\/div>\n\n\n\n<div class=\"wp-block-column is-layout-flow wp-block-column-is-layout-flow\">\n<h3 class=\"wp-block-heading\">Praxis<\/h3>\n\n\n\n<p>Unternehmensprojekte, Praxis- und Auslandssemester<\/p>\n\n\n\n<h3 class=\"wp-block-heading\">Vorlesungen<\/h3>\n\n\n\n<p>Montags bis Freitags (sowie Blockseminare)<\/p>\n<\/div>\n<\/div>\n<\/div><\/div>\n\n\n\n<hr class=\"wp-block-separator has-alpha-channel-opacity\"\/>\n\n\n\n<div class=\"wp-block-buttons is-layout-flex wp-block-buttons-is-layout-flex\">\n<div class=\"wp-block-button\"><a class=\"wp-block-button__link wp-element-button\" href=\"\/de?page_id=2060\" style=\"border-radius:0px\">Informationen anfordern<\/a><\/div>\n<\/div>\n\n\n\n<hr class=\"wp-block-separator has-alpha-channel-opacity\"\/>\n\n\n\n<h2 class=\"wp-block-heading\">F\u00fcr wen ist der PreMaster?<\/h2>\n\n\n\n<p>Der PreMaster ist f\u00fcr all diejenigen, die gerne den&nbsp;<a href=\"https:\/\/karlshochschule.de\/de\/master\/master-in-management.html\" data-type=\"post\" data-id=\"41\">Master in Management<\/a> oder <a href=\"https:\/\/karlshochschule.de\/de\/master\/master-in-social-transformation-politics-philosophy-amp-economics-ppe.html\" data-type=\"post\" data-id=\"93\">Master in Social TransFormation \u2013 Politics, Philosophy &amp; Economics<\/a> an der Karls studieren m\u00f6chten und<\/p>\n\n\n\n<ul class=\"wp-block-list\">\n<li>in ihrem Bachelorstudium nicht die notwendigen 30 ECTS in Management, Business oder Wirtschaftswissenschaften (gilt f\u00fcr den Master in Management) bzw. in politik- und sozialwissenschaftlichen, wirtschaftswissenschaftlichen, philosophischen oder verwandten Bereichen (gilt f\u00fcr den Master in Social Transformation) erreicht haben (in diesem Fall ist die Teilnahme eine Zulassungsvoraussetzungen), und\/oder<\/li>\n\n\n\n<li>zwar ausreichend ECTS in diesen Feldern w\u00e4hrend ihres Bachelors erreicht haben, aber ihre Erinnerung gerne noch einmal auffrischen m\u00f6chten, bevor der Master losgeht, und\/oder<\/li>\n\n\n\n<li>sich schon vorzeitig mit der Art des Lehrens und Lernens an der Karls vertraut machen m\u00f6chten, um einen reibungslosen \u00dcbergang in den Master zu sicherzustellen, und\/oder<\/li>\n\n\n\n<li>fr\u00fch in Karlsruhe ankommen, ein soziales Umfeld aufbauen, vielleicht sogar schon einen Job zur Begleitung ihres Studiums aus\u00fcben und Freunde an der Karls finden m\u00f6chten.<\/li>\n<\/ul>\n\n\n\n<div class=\"wp-block-columns is-layout-flex wp-container-core-columns-is-layout-9d6595d7 wp-block-columns-is-layout-flex\">\n<div class=\"wp-block-column is-layout-flow wp-block-column-is-layout-flow\" style=\"flex-basis:20%\">\n<figure class=\"wp-block-image size-full\"><img loading=\"lazy\" decoding=\"async\" width=\"250\" height=\"208\" src=\"https:\/\/karlshochschule.de\/wp-content\/uploads\/csm_Elena-Schmidt-Kachel_ee2be666fc.jpg\" alt=\"Elena Schmidt, BBA (Germany), voluntary PreMaster\" class=\"wp-image-121\"\/><\/figure>\n<\/div>\n\n\n\n<div class=\"wp-block-column is-layout-flow wp-block-column-is-layout-flow\" style=\"flex-basis:80%\">\n<blockquote class=\"wp-block-quote is-layout-flow wp-block-quote-is-layout-flow\">\n<p>This program provides a unique opportunity to refresh my knowledge and get familiar with the Karls early on. The positive experiences I&#8217;ve made in the PreMaster confirm my decision to do my Master&#8217;s here 100%!<\/p>\n<cite>Elena Schmidt, BBA (Germany), voluntary PreMaster<\/cite><\/blockquote>\n<\/div>\n<\/div>\n\n\n\n<h2 class=\"wp-block-heading\">PreMaster Zulassungsvoraussetzungen<\/h2>\n\n\n\n<p>Deine Zulassung zum PreMaster ist nur in Kombination mit der Zulassung zu unseren Masterstudieng\u00e4ngen <a href=\"https:\/\/karlshochschule.de\/de\/master\/master-in-management.html\" data-type=\"post\" data-id=\"41\">Master in Management<\/a> oder <a href=\"https:\/\/karlshochschule.de\/de\/master\/master-in-social-transformation-politics-philosophy-amp-economics-ppe.html\" data-type=\"post\" data-id=\"93\">Master in Social TransFormation \u2013 Politics, Philosophy &amp; Economics<\/a> m\u00f6glich. Alle relevanten Informationen dazu findest du <a href=\"https:\/\/karlshochschule.de\/de\/master\/bewerbung-zulassung-master-studiengaenge.html\" data-type=\"post\" data-id=\"538\">hier<\/a>.&nbsp;<\/p>\n\n\n\n<p>In der Onlinebewerbung\u00a0findest du eine entsprechende Box zum Anklicken, um uns wissen zu lassen, dass du dich auch f\u00fcr den PreMaster interessierst.<\/p>\n\n\n\n<p>Solltest du dir nicht sicher sein, ob der PreMaster eine verpflichtende Voraussetzung f\u00fcr deine Zulassung zum Masterstudium ist: keine Sorge! In diesem Fall kommen wir automatisch diesbez\u00fcglich auf dich zu, sobald wir deine Bewerbung gepr\u00fcft haben.<\/p>\n\n\n\n<p><strong>Bewerbungsschluss f\u00fcr den PreMaster:<\/strong><\/p>\n\n\n\n<ul class=\"wp-block-list\">\n<li>Du kommst aus einem EU-Land?&nbsp;<br>Dann ist die Bewerbungsdeadline f\u00fcr dich jeweils der <strong>1. September<\/strong>.<\/li>\n\n\n\n<li>Du kommst von au\u00dferhalb der EU, hast aber bereits ein bestehendes Visum f\u00fcr Deutschland?<br>Dann ist die Bewerbungsdeadline f\u00fcr dich jeweils der <strong>15. Juli<\/strong> (danach nur mit individueller Absprache).<\/li>\n\n\n\n<li>Du kommst von au\u00dferhalb der EU und hast noch kein bestehendes Visum f\u00fcr Deutschland?<br>Dann ist die Bewerbungsdeadline f\u00fcr dich jeweils der <strong>15. Juli*<\/strong> (danach je nach Visaprozess deines Heimatlandes).<\/li>\n<\/ul>\n\n\n\n<p>Um einen entspannten Bewerbungsprozess sicherzustellen, empfehlen wir dir, dich so fr\u00fch wie m\u00f6glich zu bewerben, da die Zahl der Studienpl\u00e4tze begrenzt ist.<\/p>\n\n\n\n<p><em>Bitte beachte:<\/em>&nbsp;Entsprechende Informationen zum Master findest du <a href=\"https:\/\/karlshochschule.de\/de\/master\/bewerbung-zulassung-master-studiengaenge.html\" data-type=\"post\" data-id=\"538\">hier<\/a>.<\/p>\n\n\n\n<p>*Ausnahmen k\u00f6nnen ggf. f\u00fcr Bewerber aus den L\u00e4ndern gemacht werden, die <a href=\"https:\/\/www.germany-visa.org\/do-i-need-a-visa\/\" target=\"_blank\" rel=\"noreferrer noopener\">kein Kurzzeitvisum f\u00fcr Deutschland ben\u00f6tigen<\/a>:<br>Albanien, Andorra, Australien, Brasilien, Kanada, El Salvador, Honduras, Island, Israel, Japan, Liechtenstein, Mexiko, Monaco, Neuseeland, Norwegen, S\u00fcdkorea, San Marino, Schweiz, USA, etc.<\/p>\n\n\n\n<p>Bitte kontaktiere hierzu im konkreten Fall unseren Student Admissions Service.<\/p>\n\n\n\n<div class=\"wp-block-columns is-layout-flex wp-container-core-columns-is-layout-9d6595d7 wp-block-columns-is-layout-flex\">\n<div class=\"wp-block-column is-layout-flow wp-block-column-is-layout-flow\" style=\"flex-basis:20%\">\n<figure class=\"wp-block-image size-full\"><img loading=\"lazy\" decoding=\"async\" width=\"250\" height=\"208\" src=\"https:\/\/karlshochschule.de\/wp-content\/uploads\/csm_Silvia-Vasquez-Kachel_dcb83b0397.jpg\" alt=\"Silvia V\u00e1squez, Bachelor in Law (Colombia), PreMaster\" class=\"wp-image-123\"\/><\/figure>\n<\/div>\n\n\n\n<div class=\"wp-block-column is-layout-flow wp-block-column-is-layout-flow\" style=\"flex-basis:80%\">\n<blockquote class=\"wp-block-quote is-layout-flow wp-block-quote-is-layout-flow\">\n<p>The PreMaster, to me, means the chance to explore a field and a diversity I would otherwise not have been able to explore. It makes me appreciate and enjoy the challenge of studying abroad even more. This has definitely been the right choice for me.<\/p>\n<cite>Silvia V\u00e1squez, Bachelor in Law (Colombia), PreMaster<\/cite><\/blockquote>\n<\/div>\n<\/div>\n\n\n\n<h3 class=\"wp-block-heading\">Studien- und Pr\u00fcfungsordnung (SPO) der Karlshochschule<\/h3>\n\n\n\n<ul class=\"wp-block-list\">\n<li>Studien- und Pr\u00fcfungsordnung: PreMaster &amp; Master in Social TransFormation &#8211; <a href=\"\/downloads\/pdf\/Master-Social-TransFormation-PPE-PreMaster-Studien-und-Pruefungsordnung.pdf\" target=\"_blank\" data-type=\"link\" data-id=\"\/downloads\/pdf\/SPO_Master_MST_u_PreMaster_DE_nach_Senat_09.05.2023_signed_gilt.pdf\" rel=\"noreferrer noopener\">PDF<\/a><\/li>\n\n\n\n<li>Studien- und Pr\u00fcfungsordnung: PreMaster &amp; Master in Management &#8211; <a href=\"\/downloads\/pdf\/Master-Management-Pre-Master-Studien-und-Pruefungsordnung.pdf\" target=\"_blank\" rel=\"noreferrer noopener\">PDF<\/a><\/li>\n<\/ul>\n\n\n\n<h2 class=\"wp-block-heading\">Geb\u00fchren<\/h2>\n\n\n\n<p>Alle Infos zu den Studiengeb\u00fchren findest du unter <a href=\"https:\/\/eur02.safelinks.protection.outlook.com\/?url=https%3A%2F%2Fkarlshochschule.de%2Fde%2Funileben%2Fstudienfinanzierung.html&amp;data=05%7C02%7Cjstruecker%40karlshochschule.org%7C08f91caf3711402ab40c08dd5cb3cd77%7C6a545df8ec814cf7b120d67ca1d4cddb%7C0%7C0%7C638768649491182637%7CUnknown%7CTWFpbGZsb3d8eyJFbXB0eU1hcGkiOnRydWUsIlYiOiIwLjAuMDAwMCIsIlAiOiJXaW4zMiIsIkFOIjoiTWFpbCIsIldUIjoyfQ%3D%3D%7C0%7C%7C%7C&amp;sdata=Xyi2fEhMJ9y3PY%2BG%2FLGh9XfjwYjQkZx2Ymgad7bcLq8%3D&amp;reserved=0\">https:\/\/karlshochschule.de\/de\/unileben\/studienfinanzierung.html<\/a><\/p>\n\n\n\n<p><\/p>\n\n\n\n<hr class=\"wp-block-separator has-alpha-channel-opacity\"\/>\n\n\n\n<div class=\"wp-block-buttons is-layout-flex wp-block-buttons-is-layout-flex\">\n<div class=\"wp-block-button\"><a class=\"wp-block-button__link wp-element-button\" href=\"\/de?page_id=2060\" style=\"border-radius:0px\">Informationen anfordern<\/a><\/div>\n<\/div>\n\n\n\n<hr class=\"wp-block-separator has-alpha-channel-opacity\"\/>\n","protected":false},"excerpt":{"rendered":"<p>PreMaster<\/p>\n","protected":false},"author":1,"featured_media":2040,"comment_status":"closed","ping_status":"closed","sticky":false,"template":"","format":"standard","meta":{"footnotes":""},"categories":[10],"tags":[],"class_list":["post-114","post","type-post","status-publish","format-standard","has-post-thumbnail","hentry","category-master","infinite-scroll-item","generate-columns","tablet-grid-50","mobile-grid-100","grid-parent","grid-50"],"_links":{"self":[{"href":"https:\/\/www.karlshochschule.de\/de\/wp-json\/wp\/v2\/posts\/114","targetHints":{"allow":["GET"]}}],"collection":[{"href":"https:\/\/www.karlshochschule.de\/de\/wp-json\/wp\/v2\/posts"}],"about":[{"href":"https:\/\/www.karlshochschule.de\/de\/wp-json\/wp\/v2\/types\/post"}],"author":[{"embeddable":true,"href":"https:\/\/www.karlshochschule.de\/de\/wp-json\/wp\/v2\/users\/1"}],"replies":[{"embeddable":true,"href":"https:\/\/www.karlshochschule.de\/de\/wp-json\/wp\/v2\/comments?post=114"}],"version-history":[{"count":0,"href":"https:\/\/www.karlshochschule.de\/de\/wp-json\/wp\/v2\/posts\/114\/revisions"}],"wp:featuredmedia":[{"embeddable":true,"href":"https:\/\/www.karlshochschule.de\/de\/wp-json\/wp\/v2\/media\/2040"}],"wp:attachment":[{"href":"https:\/\/www.karlshochschule.de\/de\/wp-json\/wp\/v2\/media?parent=114"}],"wp:term":[{"taxonomy":"category","embeddable":true,"href":"https:\/\/www.karlshochschule.de\/de\/wp-json\/wp\/v2\/categories?post=114"},{"taxonomy":"post_tag","embeddable":true,"href":"https:\/\/www.karlshochschule.de\/de\/wp-json\/wp\/v2\/tags?post=114"}],"curies":[{"name":"wp","href":"https:\/\/api.w.org\/{rel}","templated":true}]}}