{"id":2396,"date":"2023-10-07T08:09:20","date_gmt":"2023-10-07T06:09:20","guid":{"rendered":"https:\/\/karlshochschule.de\/?p=2396"},"modified":"2026-03-11T16:44:48","modified_gmt":"2026-03-11T15:44:48","slug":"tedxkarlshochschule","status":"publish","type":"post","link":"https:\/\/www.karlshochschule.de\/de\/blog-magazin\/tedxkarlshochschule.html","title":{"rendered":"TEDxKarlshochschule"},"content":{"rendered":"\n<h2 class=\"wp-block-heading nachh1\"><small>07.10.2023<\/small><\/h2>\n\n\n\n<p>Studierende der KarlsPublicSpeaking Initiative haben Anfang Oktober eine au\u00dfergew\u00f6hnliche Veranstaltung in die Karlshochschule gebracht.<\/p>\n\n\n\n<p>Mit einem Programm von 10 fesselnden Rednern und faszinierenden Performern war <a href=\"https:\/\/www.tedxkarlshochschule.de\/\" target=\"_blank\" rel=\"noreferrer noopener\">TEDxKarlsruhe<\/a> ein Tag voller aufschlussreicher Vortr\u00e4ge.<\/p>\n\n\n\n<p>Gabrielas Worte zum R\u00fcckblick: \u201eIch trat der Initiative Public Speaking erstmals bei, als ich 2022 an die Karlshochschule kam. Aboubacar Konate &#8211; der damalige Leiter der Initiative &#8211; erw\u00e4hnte, dass er die Lizenz f\u00fcr die Veranstaltung eines offiziellen TED-Talks an der Karls erhalten wollte. Wir unterst\u00fctzen ihn bei der Beantragung, erhielten die Lizenz und fanden viele motivierte Mitglieder\/Freiwillige, die ebenfalls an die Verwirklichung dieser Gelegenheit glaubten. Wenn ich an diesen Moment zur\u00fcckdenke, muss ich immer noch l\u00e4cheln. Die monatelange Planung, die Gespr\u00e4che und die Unw\u00e4gbarkeiten haben sich gelohnt, als der TED-Talk schlie\u00dflich am 7. Oktober 2023 stattfand, fast ein Jahr nach der urspr\u00fcnglichen Idee.<\/p>\n\n\n\n<p>Diese ganze Reise hat mir gezeigt, dass, wenn man eine tolle Idee hat und wirklich daran glaubt, die richtigen Leute auftauchen werden, um sie m\u00f6glich zu machen. Ich werde immer dankbar f\u00fcr diese Gelegenheit sein und nie vergessen, wie gro\u00dfartig unser TEDx Karlshochschule-Team war!\u201c<\/p>\n\n\n\n<p>Und was sagt der Initiator Aboubacar?<\/p>\n\n\n\n<p>\u201e\u2026\u2026TEDx-Veranstaltungen sind f\u00fcr mich die perfekte Plattform, um Menschen aus allen Bereichen des Lebens zusammenzubringen, damit sie ihre einzigartigen Perspektiven und L\u00f6sungen f\u00fcr die Herausforderungen unserer globalen Gemeinschaft teilen. Indem ich Menschen mit unterschiedlichem Hintergrund zusammenbringe, m\u00f6chte ich eine Kultur der Neugier, Empathie und Zusammenarbeit f\u00f6rdern, denn meine Vision basiert auf der Idee, dass Menschen, die sich entscheiden, Hand in Hand zu arbeiten, die Macht haben, die Welt zu gestalten\u2026.\u201c<\/p>\n\n\n\n<h3 class=\"wp-block-heading\">Mehr dazu in den Videos | Find out more in the videos<\/h3>\n\n\n\n<p>Daanyal Khan<\/p>\n\n\n\n<figure class=\"wp-block-embed is-type-video is-provider-youtube wp-block-embed-youtube wp-embed-aspect-16-9 wp-has-aspect-ratio\"><div class=\"wp-block-embed__wrapper\">\n<iframe loading=\"lazy\" title=\"The Future of Interaction: Freedom | Daaniyal Khan | TEDxKarlshochschule International U\" width=\"1200\" height=\"675\" src=\"https:\/\/www.youtube.com\/embed\/VArSel45ZKA?feature=oembed\" frameborder=\"0\" allow=\"accelerometer; autoplay; clipboard-write; encrypted-media; gyroscope; picture-in-picture; web-share\" referrerpolicy=\"strict-origin-when-cross-origin\" allowfullscreen><\/iframe>\n<\/div><\/figure>\n\n\n\n<p>Nikolaj Mandsberg&nbsp;<\/p>\n\n\n\n<figure class=\"wp-block-embed is-type-video is-provider-youtube wp-block-embed-youtube wp-embed-aspect-16-9 wp-has-aspect-ratio\"><div class=\"wp-block-embed__wrapper\">\n<iframe loading=\"lazy\" title=\"Partner with Your Decisions | Nikolaj K. Mandsberg | TEDxKarlshochschule International U\" width=\"1200\" height=\"675\" src=\"https:\/\/www.youtube.com\/embed\/vjrKf6VlsPQ?feature=oembed\" frameborder=\"0\" allow=\"accelerometer; autoplay; clipboard-write; encrypted-media; gyroscope; picture-in-picture; web-share\" referrerpolicy=\"strict-origin-when-cross-origin\" allowfullscreen><\/iframe>\n<\/div><\/figure>\n\n\n\n<p>Christopher Stephen&nbsp;<\/p>\n\n\n\n<figure class=\"wp-block-embed is-type-video is-provider-youtube wp-block-embed-youtube wp-embed-aspect-16-9 wp-has-aspect-ratio\"><div class=\"wp-block-embed__wrapper\">\n<iframe loading=\"lazy\" title=\"The Sound of A.I.  | Christopher Stephen | TEDxKarlshochschule International U\" width=\"1200\" height=\"675\" src=\"https:\/\/www.youtube.com\/embed\/2imtEuwlIeo?feature=oembed\" frameborder=\"0\" allow=\"accelerometer; autoplay; clipboard-write; encrypted-media; gyroscope; picture-in-picture; web-share\" referrerpolicy=\"strict-origin-when-cross-origin\" allowfullscreen><\/iframe>\n<\/div><\/figure>\n\n\n\n<p>Frank Widmayer<\/p>\n\n\n\n<figure class=\"wp-block-embed is-type-video is-provider-youtube wp-block-embed-youtube wp-embed-aspect-16-9 wp-has-aspect-ratio\"><div class=\"wp-block-embed__wrapper\">\n<iframe loading=\"lazy\" title=\"Kindness: The Power of New Leadership | Frank Widmayer | TEDxKarlshochschule International U\" width=\"1200\" height=\"675\" src=\"https:\/\/www.youtube.com\/embed\/BwAJSykrj9U?feature=oembed\" frameborder=\"0\" allow=\"accelerometer; autoplay; clipboard-write; encrypted-media; gyroscope; picture-in-picture; web-share\" referrerpolicy=\"strict-origin-when-cross-origin\" allowfullscreen><\/iframe>\n<\/div><\/figure>\n\n\n\n<p>Ben J Munday<\/p>\n\n\n\n<figure class=\"wp-block-embed is-type-video is-provider-youtube wp-block-embed-youtube wp-embed-aspect-16-9 wp-has-aspect-ratio\"><div class=\"wp-block-embed__wrapper\">\n<iframe loading=\"lazy\" title=\"Tools for Leadership: Body Swiss Army Knife | Ben J Munday | TEDxKarlshochschule International U\" width=\"1200\" height=\"675\" src=\"https:\/\/www.youtube.com\/embed\/dgE7j1IjM5E?feature=oembed\" frameborder=\"0\" allow=\"accelerometer; autoplay; clipboard-write; encrypted-media; gyroscope; picture-in-picture; web-share\" referrerpolicy=\"strict-origin-when-cross-origin\" allowfullscreen><\/iframe>\n<\/div><\/figure>\n\n\n\n<p>Hope Williams<\/p>\n\n\n\n<figure class=\"wp-block-embed is-type-video is-provider-youtube wp-block-embed-youtube wp-embed-aspect-16-9 wp-has-aspect-ratio\"><div class=\"wp-block-embed__wrapper\">\n<iframe loading=\"lazy\" title=\"Emergency Landing is What You Need  | Hope Williams | TEDxKarlshochschule International U\" width=\"1200\" height=\"675\" src=\"https:\/\/www.youtube.com\/embed\/WU0xZObRNc0?feature=oembed\" frameborder=\"0\" allow=\"accelerometer; autoplay; clipboard-write; encrypted-media; gyroscope; picture-in-picture; web-share\" referrerpolicy=\"strict-origin-when-cross-origin\" allowfullscreen><\/iframe>\n<\/div><\/figure>\n\n\n\n<p>Viktoriya Sokolova&nbsp;<\/p>\n\n\n\n<figure class=\"wp-block-embed is-type-video is-provider-youtube wp-block-embed-youtube wp-embed-aspect-16-9 wp-has-aspect-ratio\"><div class=\"wp-block-embed__wrapper\">\n<iframe loading=\"lazy\" title=\"The Power of Motion  | Viktoriya Sokolova | TEDxKarlshochschule International U\" width=\"1200\" height=\"675\" src=\"https:\/\/www.youtube.com\/embed\/JNW-wAQpl-8?feature=oembed\" frameborder=\"0\" allow=\"accelerometer; autoplay; clipboard-write; encrypted-media; gyroscope; picture-in-picture; web-share\" referrerpolicy=\"strict-origin-when-cross-origin\" allowfullscreen><\/iframe>\n<\/div><\/figure>\n\n\n\n<p>Mithun Sridharan<\/p>\n\n\n\n<figure class=\"wp-block-embed is-type-video is-provider-youtube wp-block-embed-youtube wp-embed-aspect-16-9 wp-has-aspect-ratio\"><div class=\"wp-block-embed__wrapper\">\n<iframe loading=\"lazy\" title=\"Leadership in the Era of AI | Mithun A. Sridharan | TEDxKarlshochschule International U\" width=\"1200\" height=\"675\" src=\"https:\/\/www.youtube.com\/embed\/ERA0xyZ7b_o?feature=oembed\" frameborder=\"0\" allow=\"accelerometer; autoplay; clipboard-write; encrypted-media; gyroscope; picture-in-picture; web-share\" referrerpolicy=\"strict-origin-when-cross-origin\" allowfullscreen><\/iframe>\n<\/div><\/figure>\n\n\n\n<p>Cyril Junior Dim<\/p>\n\n\n\n<figure class=\"wp-block-embed is-type-video is-provider-youtube wp-block-embed-youtube wp-embed-aspect-16-9 wp-has-aspect-ratio\"><div class=\"wp-block-embed__wrapper\">\n<iframe loading=\"lazy\" title=\"Why Self Acceptance Matters | Cyril Junior Dim | TEDxKarlshochschule International U\" width=\"1200\" height=\"675\" src=\"https:\/\/www.youtube.com\/embed\/CkulkSasyyc?feature=oembed\" frameborder=\"0\" allow=\"accelerometer; autoplay; clipboard-write; encrypted-media; gyroscope; picture-in-picture; web-share\" referrerpolicy=\"strict-origin-when-cross-origin\" allowfullscreen><\/iframe>\n<\/div><\/figure>\n\n\n\n<p><a href=\"https:\/\/www.tedxkarlshochschule.de\">https:\/\/www.tedxkarlshochschule.de<\/a><\/p>\n","protected":false},"excerpt":{"rendered":"<p>07.10.2023 Studierende der KarlsPublicSpeaking Initiative haben Anfang Oktober eine au\u00dfergew\u00f6hnliche Veranstaltung in die Karlshochschule gebracht. Mit einem Programm von 10 fesselnden Rednern und faszinierenden Performern &#8230; <a title=\"TEDxKarlshochschule\" class=\"read-more\" href=\"https:\/\/www.karlshochschule.de\/de\/blog-magazin\/tedxkarlshochschule.html\" aria-label=\"Mehr Informationen \u00fcber TEDxKarlshochschule\">Details<\/a><\/p>\n","protected":false},"author":1,"featured_media":0,"comment_status":"closed","ping_status":"closed","sticky":false,"template":"","format":"standard","meta":{"footnotes":""},"categories":[37],"tags":[],"class_list":["post-2396","post","type-post","status-publish","format-standard","hentry","category-blog-magazin","infinite-scroll-item","generate-columns","tablet-grid-50","mobile-grid-100","grid-parent","grid-50"],"_links":{"self":[{"href":"https:\/\/www.karlshochschule.de\/de\/wp-json\/wp\/v2\/posts\/2396","targetHints":{"allow":["GET"]}}],"collection":[{"href":"https:\/\/www.karlshochschule.de\/de\/wp-json\/wp\/v2\/posts"}],"about":[{"href":"https:\/\/www.karlshochschule.de\/de\/wp-json\/wp\/v2\/types\/post"}],"author":[{"embeddable":true,"href":"https:\/\/www.karlshochschule.de\/de\/wp-json\/wp\/v2\/users\/1"}],"replies":[{"embeddable":true,"href":"https:\/\/www.karlshochschule.de\/de\/wp-json\/wp\/v2\/comments?post=2396"}],"version-history":[{"count":1,"href":"https:\/\/www.karlshochschule.de\/de\/wp-json\/wp\/v2\/posts\/2396\/revisions"}],"predecessor-version":[{"id":34987,"href":"https:\/\/www.karlshochschule.de\/de\/wp-json\/wp\/v2\/posts\/2396\/revisions\/34987"}],"wp:attachment":[{"href":"https:\/\/www.karlshochschule.de\/de\/wp-json\/wp\/v2\/media?parent=2396"}],"wp:term":[{"taxonomy":"category","embeddable":true,"href":"https:\/\/www.karlshochschule.de\/de\/wp-json\/wp\/v2\/categories?post=2396"},{"taxonomy":"post_tag","embeddable":true,"href":"https:\/\/www.karlshochschule.de\/de\/wp-json\/wp\/v2\/tags?post=2396"}],"curies":[{"name":"wp","href":"https:\/\/api.w.org\/{rel}","templated":true}]}}