{"id":29199,"date":"2025-06-06T10:04:04","date_gmt":"2025-06-06T08:04:04","guid":{"rendered":"https:\/\/karlshochschule.de\/?p=29199"},"modified":"2026-01-21T11:03:30","modified_gmt":"2026-01-21T10:03:30","slug":"management","status":"publish","type":"post","link":"https:\/\/www.karlshochschule.de\/de\/studium\/studiengaenge\/management.html","title":{"rendered":"Management (M.A.)"},"content":{"rendered":"\n<p class=\"topinfo\">Der Master in Management richtet sich an Bachelor-Absolventen, die das Ziel haben, F\u00fchrungsrollen in Unternehmen einzunehmen. Das Profil dieses Master ist seine Interdisziplinarit\u00e4t. Studierende erhalten durch verschiedene wissenschaftliche Zug\u00e4nge die M\u00f6glichkeit, auf Aspekte unternehmerischen Handelns (z.B. in den Bereichen Governance, Kundenansprache, Innovation, Controlling) neue Perspektiven zu entwickeln. Erg\u00e4nzt wird das Studium einerseits durch Module, die die Leadership-Kompetenzen der Studierenden f\u00f6rdern und andererseits durch Zertifikatskursen, in denen praktische Kompetenzen zu aktuellen Herausforderungen (z.B. Diversity Management, digitale Transformationen) vermittelt werden.<\/p>\n\n\n\n<figure class=\"wp-block-image size-large\"><img loading=\"lazy\" decoding=\"async\" width=\"1024\" height=\"336\" src=\"https:\/\/karlshochschule.de\/wp-content\/uploads\/Header-Master-in-Management-1024x336.jpg\" alt=\"Master in Management (M.A.)\" class=\"wp-image-2036\" title=\"\" srcset=\"https:\/\/www.karlshochschule.de\/wp-content\/uploads\/Header-Master-in-Management-1024x336.jpg 1024w, https:\/\/www.karlshochschule.de\/wp-content\/uploads\/Header-Master-in-Management-300x98.jpg 300w, https:\/\/www.karlshochschule.de\/wp-content\/uploads\/Header-Master-in-Management-768x252.jpg 768w, https:\/\/www.karlshochschule.de\/wp-content\/uploads\/Header-Master-in-Management.jpg 1280w\" sizes=\"auto, (max-width: 1024px) 100vw, 1024px\" \/><\/figure>\n\n\n\n<h2 class=\"wp-block-heading\">Management (M.A.)<\/h2>\n\n\n\n<p>Abschluss: Master (M.A.)<\/p>\n\n\n\n<p>Das Studium ist durch Studientage von Donnerstag bis Samstag so aufgebaut, dass ein paralleler Einsatz der Studierenden in Unternehmen teilweise m\u00f6glich ist. Grundlegende betriebswirtschaftliche Kenntnisse sind Voraussetzung f\u00fcr dieses Studium, die aber auch in einem Premaster-Studium nachgeholt werden k\u00f6nnen.<\/p>\n\n\n\n<p><strong>Wesentliche Gegenst\u00e4nde des Studiums<\/strong> bilden Management als Kultur, Controlling, Analyse von Unternehmen, Normen, Regeln und Rituale des F\u00fchrens, Strategische Praxis, Innovationsprojekte, Transformation, aber auch verschiedene praktische Module zur F\u00fchrung<\/p>\n\n\n\n<p><strong>Einsatzm\u00f6glichkeiten<\/strong> in Managementpositionen in verschiedensten Bereichen von Personalentwicklung \u00fcber Marketing, Operativem Management, Projektmanagement, Unternehmensentwicklung und -beratung bis hin zur Unternehmensgr\u00fcndung und -f\u00fchrung.<\/p>\n\n\n\n<div class=\"wp-block-buttons is-layout-flex wp-block-buttons-is-layout-flex\">\n<div class=\"wp-block-button\"><a class=\"wp-block-button__link wp-element-button\" href=\"https:\/\/khs-kunden.de\/location\/66101010?register=42825950335\" target=\"_blank\" rel=\"noopener\">Weitere Informationen und Bewerbung<\/a><\/div>\n<\/div>\n\n\n\n<h3 class=\"wp-block-heading\">Studiengangsleitung<\/h3>\n\n\n\n<p>Prof. Dr. Wendelin K\u00fcpers<\/p>\n\n\n\n<div class=\"wp-block-group mastergroup\"><div class=\"wp-block-group__inner-container is-layout-constrained wp-block-group-is-layout-constrained\">\n<h2 class=\"wp-block-heading\">Alles auf einen Blick<\/h2>\n\n\n\n<div class=\"wp-block-columns is-layout-flex wp-container-core-columns-is-layout-9d6595d7 wp-block-columns-is-layout-flex\">\n<div class=\"wp-block-column is-layout-flow wp-block-column-is-layout-flow\">\n<h3 class=\"wp-block-heading\">Bewerbungsfrist<\/h3>\n\n\n\n<p>EU: 1. Sept., Nicht-EU: 15. Jul. oder sp\u00e4ter, je nach Visaprozess des Heimatlandes<\/p>\n\n\n\n<h3 class=\"wp-block-heading\">Studienstart<\/h3>\n\n\n\n<p>September<\/p>\n<\/div>\n\n\n\n<div class=\"wp-block-column is-layout-flow wp-block-column-is-layout-flow\">\n<h3 class=\"wp-block-heading\">Studiendauer<\/h3>\n\n\n\n<p>4 Semester<\/p>\n\n\n\n<h3 class=\"wp-block-heading\">Studiengeb\u00fchr<\/h3>\n\n\n\n<p>EU: 550 \u20ac \/ Monat<br>Non-EU: 750 \u20ac \/ Monat<\/p>\n\n\n\n<h3 class=\"wp-block-heading\">ECTS-Punkte<\/h3>\n\n\n\n<p>120<\/p>\n<\/div>\n\n\n\n<div class=\"wp-block-column is-layout-flow wp-block-column-is-layout-flow\">\n<h3 class=\"wp-block-heading\">Lehrsprache<\/h3>\n\n\n\n<p>Englisch<\/p>\n\n\n\n<h3 class=\"wp-block-heading\">Vorlesungen<\/h3>\n\n\n\n<p>Donnerstagabend, Freitag bis Samstagmittag (sowie Blockseminare)<\/p>\n<\/div>\n<\/div>\n<\/div><\/div>\n\n\n\n<p class=\"workpro\"><\/p>\n\n\n\n<h2 class=\"wp-block-heading\">Module: Master in Management<\/h2>\n\n\n\n<h3 class=\"wp-block-heading\">Master in Management &#8211; Aufbau erstes Jahr <\/h3>\n\n\n\n<ul class=\"wp-block-list\">\n<li><strong>5 ECTS<\/strong> &#8211; Key Concepts for the Study of Management as Culture: Cultural Turns<\/li>\n\n\n\n<li><strong>5 ECTS<\/strong> &#8211; Controlling: Leading for Results<\/li>\n\n\n\n<li><strong>5 ECTS<\/strong> &#8211; Business Analysis<\/li>\n\n\n\n<li><strong>5 ECTS<\/strong> &#8211; Rhetorics and Stylistics<\/li>\n\n\n\n<li><strong>5 ECTS<\/strong> &#8211; Culture, Markets &amp; Consumption<\/li>\n\n\n\n<li><strong>5 ECTS<\/strong> &#8211; Governance: Norms, Rules &amp; Rituals<\/li>\n\n\n\n<li><strong>5 ECTS<\/strong> &#8211; Strategic Practice<\/li>\n\n\n\n<li><strong>5 ECTS<\/strong> &#8211; Power &amp; Conflict<\/li>\n\n\n\n<li>plus Zertifikatskurs (15 ECTS)<\/li>\n<\/ul>\n\n\n\n<h3 class=\"wp-block-heading\">Master in Management &#8211; Aufbau zweites Jahr <\/h3>\n\n\n\n<ul class=\"wp-block-list\">\n<li><strong>5 ECTS<\/strong> &#8211; Innovation Project<\/li>\n\n\n\n<li><strong>5 ECTS<\/strong> &#8211; Legitimacy: Ethics &amp; Aesthetics<\/li>\n\n\n\n<li><strong>5 ECTS<\/strong> &#8211; Business Transformation<\/li>\n\n\n\n<li><strong>5 ECTS<\/strong> &#8211; Creativity, Improvisation &amp; Play<\/li>\n\n\n\n<li><strong>3 ECTS<\/strong> &#8211; Research Colloquium<\/li>\n\n\n\n<li><strong>22 ECTS<\/strong> &#8211; Master Thesis incl. its Defense<\/li>\n\n\n\n<li><strong>5 ECTS<\/strong> &#8211; Personal Renewal<\/li>\n\n\n\n<li>plus Zertifikatskurs (15 ECTS)<\/li>\n<\/ul>\n\n\n\n<p class=\"workpro\"><\/p>\n\n\n\n<h3 class=\"wp-block-heading\">Studien- und Pr\u00fcfungsordnung (SPO) der Karlshochschule<\/h3>\n\n\n\n<ul class=\"wp-block-list\">\n<li>Studien- und Pr\u00fcfungsordnung: PreMaster &amp; Master in Management &#8211; <a href=\"https:\/\/karlshochschule.de\/downloads\/pdf\/SPO_MA_Man._Senat_04.03.2025_gilt.pdf\" target=\"_blank\" rel=\"noreferrer noopener\">PDF<\/a><\/li>\n<\/ul>\n\n\n\n<p><\/p>\n","protected":false},"excerpt":{"rendered":"<p>Der Studiengang Management umfasst den Management-Kompetenzerwerb in den Bereichen Strategie, Finanzen, Marketing, Personal, Operations-, Informations- und Risikomanagement auf fortgeschrittenem Niveau&#8230;<\/p>\n","protected":false},"author":1,"featured_media":2036,"comment_status":"closed","ping_status":"closed","sticky":false,"template":"","format":"standard","meta":{"footnotes":""},"categories":[75],"tags":[],"class_list":["post-29199","post","type-post","status-publish","format-standard","has-post-thumbnail","hentry","category-studiengaenge","infinite-scroll-item","generate-columns","tablet-grid-50","mobile-grid-100","grid-parent","grid-50"],"_links":{"self":[{"href":"https:\/\/www.karlshochschule.de\/de\/wp-json\/wp\/v2\/posts\/29199","targetHints":{"allow":["GET"]}}],"collection":[{"href":"https:\/\/www.karlshochschule.de\/de\/wp-json\/wp\/v2\/posts"}],"about":[{"href":"https:\/\/www.karlshochschule.de\/de\/wp-json\/wp\/v2\/types\/post"}],"author":[{"embeddable":true,"href":"https:\/\/www.karlshochschule.de\/de\/wp-json\/wp\/v2\/users\/1"}],"replies":[{"embeddable":true,"href":"https:\/\/www.karlshochschule.de\/de\/wp-json\/wp\/v2\/comments?post=29199"}],"version-history":[{"count":3,"href":"https:\/\/www.karlshochschule.de\/de\/wp-json\/wp\/v2\/posts\/29199\/revisions"}],"predecessor-version":[{"id":34614,"href":"https:\/\/www.karlshochschule.de\/de\/wp-json\/wp\/v2\/posts\/29199\/revisions\/34614"}],"wp:featuredmedia":[{"embeddable":true,"href":"https:\/\/www.karlshochschule.de\/de\/wp-json\/wp\/v2\/media\/2036"}],"wp:attachment":[{"href":"https:\/\/www.karlshochschule.de\/de\/wp-json\/wp\/v2\/media?parent=29199"}],"wp:term":[{"taxonomy":"category","embeddable":true,"href":"https:\/\/www.karlshochschule.de\/de\/wp-json\/wp\/v2\/categories?post=29199"},{"taxonomy":"post_tag","embeddable":true,"href":"https:\/\/www.karlshochschule.de\/de\/wp-json\/wp\/v2\/tags?post=29199"}],"curies":[{"name":"wp","href":"https:\/\/api.w.org\/{rel}","templated":true}]}}