{"id":29939,"date":"2025-06-20T16:26:27","date_gmt":"2025-06-20T14:26:27","guid":{"rendered":"https:\/\/karlshochschule.de\/?p=29939"},"modified":"2026-03-11T16:41:37","modified_gmt":"2026-03-11T15:41:37","slug":"ki-trifft-hr","status":"publish","type":"post","link":"https:\/\/www.karlshochschule.de\/de\/blog-magazin\/ki-trifft-hr.html","title":{"rendered":"KI trifft HR"},"content":{"rendered":"\n<h3 class=\"wp-block-heading\">Unsere neue Professorin f\u00fcr Management und Business Psychology, Frau Prof. Dr. Gaye \u00d6z\u00e7elik, h\u00e4lt ihre Antrittsvorlesung an der Karlshochschule International University!<\/h3>\n\n\n\n<p>Wann und wo?<br>Mittwoch, 25. Juni 2025<br>18:30 Uhr<br>Playspace, 1. OG, Karlshochschule Campus Karlsruhe<br><br><strong>Revolution in Rekrutierung und Personalauswahl: Die KI-getriebene Transformation im HR-Bereich<\/strong>\u00a0\u2013 kaum ein Thema ist derzeit relevanter. In ihrer Antrittsvorlesung gibt Frau Prof. Dr. \u00d6z\u00e7elik Einblicke in aktuelle KI-gest\u00fctzte Tools im Personalwesen. Sie beleuchtet Chancen und Risiken und zeigt auf, wie K\u00fcnstliche Intelligenz in diesem sensiblen Bereich verantwortungsvoll und sinnvoll eingesetzt werden kann.<br><br>Kommt vorbei und diskutiert mit \u2013 wir freuen uns auf euch!<\/p>\n\n\n\n<p>Mehr \u00fcber Prof. \u00d6z\u00e7elik, ihre Forschung und Transferaktivit\u00e4ten kann man hier erfahren: <a href=\"https:\/\/eur02.safelinks.protection.outlook.com\/?url=https%3A%2F%2Fkarlshochschule.de%2Fde%2Fhochschule%2Fprofessorinnen%2Fprof-dr-gaye-oezcelik.html&amp;data=05%7C02%7Cpresident%40karlshochschule.de%7C7d13dc22c4e6487227be08ddad9ff9bf%7C6a545df8ec814cf7b120d67ca1d4cddb%7C0%7C0%7C638857624959185380%7CUnknown%7CTWFpbGZsb3d8eyJFbXB0eU1hcGkiOnRydWUsIlYiOiIwLjAuMDAwMCIsIlAiOiJXaW4zMiIsIkFOIjoiTWFpbCIsIldUIjoyfQ%3D%3D%7C0%7C%7C%7C&amp;sdata=G24zRL1ZJ7xhs4KJvZjfag381qUk642QoRp0WfFAT%2BI%3D&amp;reserved=0\" rel=\"noreferrer noopener\" target=\"_blank\">https:\/\/karlshochschule.de\/de\/hochschule\/professorinnen\/prof-dr-gaye-oezcelik.html<\/a><\/p>\n\n\n\n<p><br>Anmeldung bitte per E-Mail an <a href=\"mailto:info@karlshochschule.de\" rel=\"noreferrer noopener\" target=\"_blank\">info@karlshochschule.de<\/a>, wir freuen uns auf den gemeinsamen Abend.<\/p>\n\n\n\n<p>(digital participation only possible by request)<\/p>\n","protected":false},"excerpt":{"rendered":"<p>Unsere neue Professorin f\u00fcr Management und Business Psychology, Frau Prof. Dr. Gaye \u00d6z\u00e7elik, h\u00e4lt ihre Antrittsvorlesung an der Karlshochschule International University! Wann und wo?Mittwoch, 25. &#8230; <a title=\"KI trifft HR\" class=\"read-more\" href=\"https:\/\/www.karlshochschule.de\/de\/blog-magazin\/ki-trifft-hr.html\" aria-label=\"Mehr Informationen \u00fcber KI trifft HR\">Details<\/a><\/p>\n","protected":false},"author":5,"featured_media":0,"comment_status":"closed","ping_status":"closed","sticky":false,"template":"","format":"standard","meta":{"footnotes":""},"categories":[37],"tags":[],"class_list":["post-29939","post","type-post","status-publish","format-standard","hentry","category-blog-magazin","infinite-scroll-item","generate-columns","tablet-grid-50","mobile-grid-100","grid-parent","grid-50"],"_links":{"self":[{"href":"https:\/\/www.karlshochschule.de\/de\/wp-json\/wp\/v2\/posts\/29939","targetHints":{"allow":["GET"]}}],"collection":[{"href":"https:\/\/www.karlshochschule.de\/de\/wp-json\/wp\/v2\/posts"}],"about":[{"href":"https:\/\/www.karlshochschule.de\/de\/wp-json\/wp\/v2\/types\/post"}],"author":[{"embeddable":true,"href":"https:\/\/www.karlshochschule.de\/de\/wp-json\/wp\/v2\/users\/5"}],"replies":[{"embeddable":true,"href":"https:\/\/www.karlshochschule.de\/de\/wp-json\/wp\/v2\/comments?post=29939"}],"version-history":[{"count":1,"href":"https:\/\/www.karlshochschule.de\/de\/wp-json\/wp\/v2\/posts\/29939\/revisions"}],"predecessor-version":[{"id":34960,"href":"https:\/\/www.karlshochschule.de\/de\/wp-json\/wp\/v2\/posts\/29939\/revisions\/34960"}],"wp:attachment":[{"href":"https:\/\/www.karlshochschule.de\/de\/wp-json\/wp\/v2\/media?parent=29939"}],"wp:term":[{"taxonomy":"category","embeddable":true,"href":"https:\/\/www.karlshochschule.de\/de\/wp-json\/wp\/v2\/categories?post=29939"},{"taxonomy":"post_tag","embeddable":true,"href":"https:\/\/www.karlshochschule.de\/de\/wp-json\/wp\/v2\/tags?post=29939"}],"curies":[{"name":"wp","href":"https:\/\/api.w.org\/{rel}","templated":true}]}}