{"id":5637,"date":"2024-10-01T11:19:46","date_gmt":"2024-10-01T09:19:46","guid":{"rendered":"https:\/\/karlshochschule.de\/?p=5637"},"modified":"2026-03-11T16:44:44","modified_gmt":"2026-03-11T15:44:44","slug":"entrehubs-abschlusskonferenz","status":"publish","type":"post","link":"https:\/\/www.karlshochschule.de\/de\/blog-magazin\/entrehubs-abschlusskonferenz.html","title":{"rendered":"ENTREHUBS-Abschlusskonferenz"},"content":{"rendered":"\n<p><strong><em>Social impact &amp; Sustainability in<\/em><\/strong> <strong><em>Entrepreneurship Education &#8211; match or clash?<\/em><\/strong><\/p>\n\n\n\n<p><strong>Datum<em>: <\/em><\/strong>Donnerstag, 24. Oktober 2024<br><strong>Ort<\/strong>: Karlshochschule International University, Karlstra\u00dfe 36 \u2013 38, 76133 Karlsruhe<\/p>\n\n\n\n<p>Lassen Sie uns diskutieren, wie Ans\u00e4tze zur Nachhaltigkeit und sozialer Gerechtigkeit in der unternehmerischen Ausbildung f\u00fcr Innovation in Unternehmen sorgen k\u00f6nnen. Tauschen wir uns \u00fcber die Zusammenarbeit zwischen Unternehmen und (Hoch)Schulen aus. Wie k\u00f6nnen wir als Bildungseinrichtung f\u00fcr mehr Nachhaltigkeit, ethischer Verantwortung und sozialer Gerechtigkeit in der <strong>unternehmerischen (Aus)Bildung<\/strong> sorgen?<\/p>\n\n\n\n<p>In seiner Er\u00f6ffnungsrede wird <strong>Prof. Dr. Ulf-Daniel Ehlers<\/strong> auf die unternehmerische Ausbildung in Europa eingehen und wie europ\u00e4ische Hochschulen ihre Angebote in Micro-credentials strukturieren k\u00f6nnen.<\/p>\n\n\n\n<p>Im Rahmen der Veranstaltung m\u00f6chten wir Ihnen unsere Ergebnisse aus dem zweij\u00e4hrigen Projekt <strong>ENTREHUBS <\/strong>pr\u00e4sentieren, das darauf abzielte, ein kritisches unternehmerisches Denken und Handeln insbesondere in Fachbereichen au\u00dferhalb der Wirtschaftsfakult\u00e4ten zu integrieren. &nbsp;<\/p>\n\n\n\n<p>In drei parallelen Workshop laden wir Sie ein, <strong>verschiedene Perspektiven<\/strong> auf Entrepreneurship Education zu werfen: Ein Blick von Seiten der Schulen; Austausch und Ausprobieren des Online Tools <em>Future Skills Compass <\/em>an Universit\u00e4ten; eine unternehmerische Perspektive auf (soziales) Unternehmertum.<\/p>\n\n\n\n<p>In der abschlie\u00dfenden Keynote erl\u00e4utert <strong>Manouchehr Shamsrizi<\/strong> die Rolle von Vorstellungskraft, Innovation und unternehmerischer Ausbildung f\u00fcr eine gerechtere und nachhaltigere Welt.<\/p>\n\n\n\n<p>Die Veranstaltung findet gr\u00f6\u00dftenteils auf Englisch statt. Teile der Veranstaltung k\u00f6nnen auch Online besucht werden. N\u00e4here Informationen in der Agenda.<\/p>\n\n\n\n<p>Bitte melden Sie sich hier f\u00fcr die Veranstaltung an: <a href=\"https:\/\/forms.office.com\/e\/K9zkCPQLBP\" target=\"_blank\" rel=\"noopener\">Conference Registration<\/a><\/p>\n\n\n\n<p><strong>Agenda<\/strong>:<\/p>\n\n\n\n<figure class=\"wp-block-table\"><table class=\"has-fixed-layout\"><tbody><tr><td><strong>15:00 Uhr<\/strong><\/td><td><strong>Er\u00f6ffnungsrede: <\/strong><em>Critical entrepreneurship skills through micro-credentials at European universities<\/em> (in English, online)<strong><em><\/em><\/strong> &nbsp;<\/td><td><strong>Prof. Dr. Ulf-Daniel Ehlers<\/strong> Professor for Educational Management and Lifelong Learning and Member of the Executive Council of the Future Skill Alliance e.V. &nbsp;<\/td><\/tr><tr><td><strong>15:30 Uhr<\/strong><\/td><td><strong>Pr\u00e4sentation der Projektergebnisse aus ENTREHUBS: <\/strong><em>Promoting entrepreneurship education in Europe <\/em>(auf Englisch, vor Ort)<em><\/em> <strong>&nbsp;<\/strong><\/td><td><strong>Prof. Dr. Robert Lepenies<\/strong>, Pr\u00e4sident der Karlshochschule; Professur f\u00fcr Pluralistische und Heterodoxe \u00d6konomik<\/td><\/tr><tr><td><strong>16:00 Uhr<\/strong><\/td><td><strong>Workshops<\/strong><\/td><td>&nbsp;<\/td><\/tr><tr><td>&nbsp;<\/td><td><strong>Workshop 1<\/strong>: <em>Nachhaltiges unternehmerisches Denken und Handeln als Querschnittsdisziplin von der Schule bis zum Studienabschluss: ein kritischer Blick auf den Bildungsplan.<\/em> (auf Deutsch, vor Ort) <strong>&nbsp;<\/strong><\/td><td><strong>Ralf Engel<\/strong>, Landesfachteamkoordinator Wirtschaft\/WBS am Zentrum f\u00fcr Schulqualit\u00e4t und Lehrerbildung (ZSL) Baden-W\u00fcrttemberg<\/td><\/tr><tr><td>&nbsp;<\/td><td><strong>Workshop 2: <\/strong><em>Entrepreneurship Education and your Future Skills. Discovering the Future Skills Compass Online Tool <\/em>(auf Englisch, vor Ort) &nbsp;<\/td><td><strong>Prof. Dr. Wendelin K\u00fcpers<\/strong> Professor of Organization and Leadership Studies; Affiliated Professor at ICN ARTEM, Paris, Nancy, Berlin, UNESCO CHAIR &nbsp;<\/td><\/tr><tr><td>&nbsp;<\/td><td><strong>Workshop 3: <\/strong><em>Spotting Opportunities to Become a [Social] Entrepreneur<\/em> (auf English, vor Ort)<\/td><td><strong>Maria Lavithi Howard <\/strong>(Zypern und USA): Unternehmerin, CEO; Mentorin von Startups; Gr\u00fcnderin von Heroes Made, einer sozial-emotionalen Lernplattform<\/td><\/tr><tr><td><strong>17:00 Uhr<\/strong><\/td><td><strong>Getr\u00e4nke- und Snackpause<\/strong> &nbsp;<\/td><td>&nbsp;<\/td><\/tr><tr><td><strong>17:30 Uhr<\/strong><\/td><td>Keynote <em>&#8218;<strong>As if an ordered mind were speaking to us&#8216; &#8211; On the role of Imagination, Innovation, Incubation for Justice and Sustainability in the &#8218;Decade of Action&#8216;<\/strong><strong><\/strong><\/em> (auf Englisch, vor Ort) &nbsp;<\/td><td><strong>Manouchehr Shamsrizi, M.P.P. FRSA&nbsp;<\/strong>Social Entrepreneur: Co-Founder and former CEO of digital health startup RetroBrain R&amp;D, Co-Founder of &#8222;gamelab.berlin&#8220; of Humboldt-Universit\u00e4t&#8217;s Cluster of Excellence, Co-Director leap.berlin; Former Ariane de Rothschild Fellow of Innovative Social Entrepreneurship at the University of Cambridge, Global Justice Fellow at Yale University. &nbsp;<\/td><\/tr><tr><td><strong>18:30 Uhr<\/strong><\/td><td><strong>Abschluss und Vernetzung<\/strong><\/td><td><strong>&nbsp;<\/strong><\/td><\/tr><\/tbody><\/table><figcaption class=\"wp-element-caption\"><strong>Online-Teilnahme unter<\/strong>: <a href=\"https:\/\/events.teams.microsoft.com\/event\/80bcf84b-624b-4fd5-8ad8-68ab64262774@6a545df8-ec81-4cf7-b120-d67ca1d4cddb\" target=\"_blank\" rel=\"noopener\">https:\/\/events.teams.microsoft.com\/event\/80bcf84b-624b-4fd5-8ad8-68ab64262774@6a545df8-ec81-4cf7-b120-d67ca1d4cddb<\/a><\/figcaption><\/figure>\n\n\n\n<p>Die Veranstaltung ist Teil des Projekts ENTREHUBS und wird durch das Erasmus+ Programm der Europ\u00e4ischen Union kofinanziert.<\/p>\n\n\n\n<p>Mehr zum Projekt unter: <a href=\"https:\/\/www.entrehubs.com\/\" target=\"_blank\" rel=\"noopener\">https:\/\/www.entrehubs.com\/<\/a><\/p>\n\n\n\n<p><\/p>\n","protected":false},"excerpt":{"rendered":"<p>Social impact &amp; Sustainability in Entrepreneurship Education &#8211; match or clash? Datum: Donnerstag, 24. Oktober 2024Ort: Karlshochschule International University, Karlstra\u00dfe 36 \u2013 38, 76133 Karlsruhe &#8230; <a title=\"ENTREHUBS-Abschlusskonferenz\" class=\"read-more\" href=\"https:\/\/www.karlshochschule.de\/de\/blog-magazin\/entrehubs-abschlusskonferenz.html\" aria-label=\"Mehr Informationen \u00fcber ENTREHUBS-Abschlusskonferenz\">Details<\/a><\/p>\n","protected":false},"author":6,"featured_media":0,"comment_status":"closed","ping_status":"closed","sticky":false,"template":"","format":"standard","meta":{"footnotes":""},"categories":[37],"tags":[],"class_list":["post-5637","post","type-post","status-publish","format-standard","hentry","category-blog-magazin","infinite-scroll-item","generate-columns","tablet-grid-50","mobile-grid-100","grid-parent","grid-50"],"_links":{"self":[{"href":"https:\/\/www.karlshochschule.de\/de\/wp-json\/wp\/v2\/posts\/5637","targetHints":{"allow":["GET"]}}],"collection":[{"href":"https:\/\/www.karlshochschule.de\/de\/wp-json\/wp\/v2\/posts"}],"about":[{"href":"https:\/\/www.karlshochschule.de\/de\/wp-json\/wp\/v2\/types\/post"}],"author":[{"embeddable":true,"href":"https:\/\/www.karlshochschule.de\/de\/wp-json\/wp\/v2\/users\/6"}],"replies":[{"embeddable":true,"href":"https:\/\/www.karlshochschule.de\/de\/wp-json\/wp\/v2\/comments?post=5637"}],"version-history":[{"count":1,"href":"https:\/\/www.karlshochschule.de\/de\/wp-json\/wp\/v2\/posts\/5637\/revisions"}],"predecessor-version":[{"id":34978,"href":"https:\/\/www.karlshochschule.de\/de\/wp-json\/wp\/v2\/posts\/5637\/revisions\/34978"}],"wp:attachment":[{"href":"https:\/\/www.karlshochschule.de\/de\/wp-json\/wp\/v2\/media?parent=5637"}],"wp:term":[{"taxonomy":"category","embeddable":true,"href":"https:\/\/www.karlshochschule.de\/de\/wp-json\/wp\/v2\/categories?post=5637"},{"taxonomy":"post_tag","embeddable":true,"href":"https:\/\/www.karlshochschule.de\/de\/wp-json\/wp\/v2\/tags?post=5637"}],"curies":[{"name":"wp","href":"https:\/\/api.w.org\/{rel}","templated":true}]}}