{"id":597,"date":"2023-11-15T15:16:52","date_gmt":"2023-11-15T14:16:52","guid":{"rendered":"https:\/\/karlshochschule.de\/?p=597"},"modified":"2023-11-28T08:43:43","modified_gmt":"2023-11-28T07:43:43","slug":"prof-dr-stephan-sonnenburg-affiliate","status":"publish","type":"post","link":"https:\/\/www.karlshochschule.de\/de\/unserehochschule\/team\/professorinnen\/prof-dr-stephan-sonnenburg-affiliate.html","title":{"rendered":"Prof. Dr. Stephan Sonnenburg | Affiliate"},"content":{"rendered":"\n<h2 class=\"wp-block-heading\">An der Hochschule seit<\/h2>\n\n\n\n<ul class=\"wp-block-list\">\n<li>16. Oktober 2008<\/li>\n<\/ul>\n\n\n\n<h2 class=\"wp-block-heading\">Gremien\/Aufgaben<\/h2>\n\n\n\n<ul class=\"wp-block-list\">\n<li>Mitglied des Senats<\/li>\n\n\n\n<li>Studiengangsleiter&nbsp;<a href=\"https:\/\/karlshochschule.de\/de\/master\" target=\"_blank\" rel=\"noreferrer noopener\">Master Management<\/a><\/li>\n\n\n\n<li>Master Schwerpunktsleiter &#8222;<a href=\"https:\/\/karlshochschule.de\/de\/master\/die-spezialisierungen\/brands-stories\" target=\"_blank\" rel=\"noreferrer noopener\">Brand<\/a>&#8222;<\/li>\n\n\n\n<li>Master Schwerpunktsleiter &#8222;Creativity &amp; Innovation&#8220;<\/li>\n\n\n\n<li>Master Schwerpunktsleiter &#8222;<a href=\"https:\/\/karlshochschule.de\/de\/master\/die-spezialisierungen\/digital-media?Media%22%22=&amp;cHash=c5727073813eb37247e0fca9898f40ea\" target=\"_blank\" rel=\"noreferrer noopener\">New Media<\/a>&#8222;<\/li>\n<\/ul>\n\n\n\n<h2 class=\"wp-block-heading\">Forschungsinteressen und -felder<\/h2>\n\n\n\n<ul class=\"wp-block-list\">\n<li>Kreativit\u00e4ts- und Innovationsmanagement<\/li>\n\n\n\n<li>Branding und Marketing<\/li>\n\n\n\n<li>Organisationale Transformation&nbsp;<\/li>\n\n\n\n<li>Performative und interdisziplin\u00e4re Grundausrichtung in den Forschungsschwerpunkten<\/li>\n<\/ul>\n\n\n\n<h2 class=\"wp-block-heading\">Akademische Aus- und Weiterbildung<\/h2>\n\n\n\n<ul class=\"wp-block-list\">\n<li>Promotion zum Dr. phil. an der Universit\u00e4t der K\u00fcnste in Berlin \u00fcber das Thema &#8222;Kooperative Kreativit\u00e4t: Theoretische Basisentw\u00fcrfe und organisationale Implikationen&#8220;<\/li>\n\n\n\n<li>Zweitstudium der Kunstwissenschaft an der Technischen Universit\u00e4t in Berlin<\/li>\n\n\n\n<li>Studium der Gesellschafts- und Wirtschaftskommunikation an der Universit\u00e4t der K\u00fcnste in Berlin (Abschluss: Diplom-Kommunikationswirt)<\/li>\n\n\n\n<li>Studium der Europ\u00e4ischen Betriebswirtschaftslehre an der Middlesex University Business School in London<\/li>\n<\/ul>\n\n\n\n<h2 class=\"wp-block-heading\">Praxiserfahrung<\/h2>\n\n\n\n<ul class=\"wp-block-list\">\n<li>Planning Director bei SelectNY.Berlin \u2013&nbsp;Betreute Hauptkunden: Aktion Mensch, Douglas, Thalia, Radisson BLU, BASF<\/li>\n\n\n\n<li>Senior Strategic Planner bei ECONOMIA\/BBDO, Hamburg&nbsp;\u2013&nbsp;Brandmanagement, Creative Planning und qualitative Marktforschung.&nbsp;Betreute Hauptkunden: Telekom, Volvo, Beiersdorf, Schwartau<\/li>\n\n\n\n<li>Senior Berater und Planner bei heller &amp; partner, Berlin \u2013&nbsp;Aufbau der Berliner Dependance und New Business. Betreute Hauptkunden: BMW, Messe, Berlin, Deutsche Kreditbank<\/li>\n\n\n\n<li>Consultant bei zeb\/rolfes.schierenbeck.associates, Berlin \u2013&nbsp;Kundenprojekte aus den Banken- und Versicherungsbranche<\/li>\n<\/ul>\n\n\n\n<h2 class=\"wp-block-heading\">Lehre<\/h2>\n\n\n\n<p><strong>Karlshochschule International University (seit 2008)<\/strong><\/p>\n\n\n\n<ul class=\"wp-block-list\">\n<li>Betreuer von 70+ BA Thesen, 40+ Master und Diplom Thesen und 3 Dissertationen.<\/li>\n\n\n\n<li>&nbsp;\u201cApproaching Brands\u201c, Modul in dem Bereich \u201cBrand\u201d im Masterprogramm Management.<\/li>\n\n\n\n<li>\u201cBrand Stories\u201c, Modul in dem Bereich \u201cBrand\u201d im Masterprogramm Management.<\/li>\n\n\n\n<li>\u201cBrand Strategies\u201c, Modul in dem Bereich \u201cBrand\u201d im Masterprogramm Management.<\/li>\n\n\n\n<li>\u201cCreative Industries\u201d, Modul in dem Bereich \u201cCreativity &amp; Innovation\u201d im Masterprogramm Management.<\/li>\n\n\n\n<li>\u201cCreativity in Context\u201c, Modul in dem Bereich \u201cCreativity &amp; Innovation\u201d im Masterprogramm Management.<\/li>\n\n\n\n<li>\u201cCreativity &amp; Innovation\u201d, Modul in dem Bereich \u201cCreativity &amp; Innovation\u201d im Masterprogramm Management.<\/li>\n\n\n\n<li>\u201cKey Concepts for the Study of Management as Culture: Cultural Turns \u201c,Modul in dem Bereich \u201cCultural Change &amp; Society\u201d im Masterprogramm Management.<\/li>\n\n\n\n<li>\u201cResearch Colloquium\u201c, Modul im Masterprogramm Management.<\/li>\n\n\n\n<li>\u201cSpecial Issue\u201c, Modul im Masterprogramm Management.<\/li>\n\n\n\n<li>\u201cChange &amp; Innovation\u201d, Modul im Bachelorprogramm Management.<\/li>\n\n\n\n<li>\u201cCorporate Communications\u201c, Modul im Bachelorprogramm International Mediamanagement.<\/li>\n\n\n\n<li>\u201cCulture Marketing\u201c, Modul im Bachelorprogramm Arts and Cultural Management.<\/li>\n\n\n\n<li>\u201cEinf\u00fchrung in das Internationale Marketing\u201c, Modul im Bachelorprogramm International Marketing Management.<\/li>\n\n\n\n<li>\u201cInternational Marketing Strategy\u201c, Modul im Bachelorprogramm International Marketing Management.<\/li>\n\n\n\n<li>\u201cModern Brand Metaphors\u201c, Modul im Bachelorprogramm Arts and Cultural Management.<\/li>\n\n\n\n<li>\u201cStrategic Marketing\u201c, Modul im Bachelorprogramm International Marketing Management.<\/li>\n<\/ul>\n\n\n\n<h2 class=\"wp-block-heading\">Expertent\u00e4tigkeiten<\/h2>\n\n\n\n<ul class=\"wp-block-list\">\n<li>seit 2016: Gastdozent an der HKU University of the Arts Utrecht<\/li>\n\n\n\n<li>seit 2010: Gastdozent an der BI Norwegian Business School<\/li>\n\n\n\n<li>2006 &#8211; 2010: Gastdozent an der Universit\u00e4t der K\u00fcnste, Berlin<\/li>\n<\/ul>\n\n\n\n<h2 class=\"wp-block-heading\">Weitere Angaben<\/h2>\n\n\n\n<ul class=\"wp-block-list\">\n<li>2011: Visiting Scholar (Februar bis April) an der BI-Norwegian School of Management<\/li>\n\n\n\n<li>2011: Scholarship vom Research Council of Norway (Yggdrasil) zum Thema &#8222;The Relevance of Cultural Differences for Swarm Branding: Reducing Skepticism towards Cause-related Marketing or Cause-related Branding?&#8220;<\/li>\n\n\n\n<li>2010: ERASMUS Mobility Grant f\u00fcr die BI-Norwegian School of Management<\/li>\n\n\n\n<li>2004-2005: Promotionsstipendium des Landes Berlin<\/li>\n\n\n\n<li>1997: Kunst3 oder wie lernt ein Museum laufen?, 1. Platz beim Wettbewerb &#8222;Jugend entwickelt Berlin&#8220;<\/li>\n<\/ul>\n\n\n\n<h2 class=\"wp-block-heading\">Publikationen und Arbeitspapiere<\/h2>\n\n\n\n<p><strong>B\u00fccher<\/strong><\/p>\n\n\n\n<ul class=\"wp-block-list\">\n<li>Sonnenburg, Stephan (2020): Routenplaner Kreativit\u00e4t: So kommen Sie im Alltag und Job sofort auf richtig gute Ideen. Wiesbaden: Springer Gabler.<\/li>\n\n\n\n<li>K\u00fcpers, Wendelin; Sonnenburg, Stephan; Zierold, Martin (2017) (Eds.): ReThinking management: Perspectives and impacts of cultural turns and beyond. Wiesbaden: Springer VS.<\/li>\n\n\n\n<li>Sonnenburg, Stephan; Wee, Desmond (2015) (Eds.): Touring consumption. Wiesbaden: Springer VS.<\/li>\n\n\n\n<li>Sonnenburg, Stephan; Baker, Laura (2013) (Eds.): Branded spaces: Experience enactments and entanglements. Wiesbaden: Springer VS.<\/li>\n\n\n\n<li>Sonnenburg, Stephan (2009) (Eds.): Swarm Branding: Markenf\u00fchrung im Zeitalter von Web 2.0. Wiesbaden: Springer VS.<\/li>\n\n\n\n<li>Sonnenburg, Stephan (2007): Kooperative Kreativit\u00e4t: Theoretische Basisentw\u00fcrfe und organisationale Erfolgsfaktoren. Wiesbaden: DUV.<\/li>\n<\/ul>\n\n\n\n<p><strong>Gastredakteur f\u00fcr spezielle Zeitschriftenausgaben<\/strong><\/p>\n\n\n\n<ul class=\"wp-block-list\">\n<li>Sonnenburg, Stephan; Runco, Mark A. (2017) (Eds.): The hero\u2019s journey: A tribute to Joseph Campbell and his 30th anniversary of death. Special Issue, Journal of Genius and Eminence, 2(2).<\/li>\n\n\n\n<li>Sonnenburg, Stephan; Wee, Desmond (2016) (Eds.): Touring consumption. Special Issue, Journal of Consumer Culture.<\/li>\n<\/ul>\n\n\n\n<p><strong>Serieneditor<\/strong><\/p>\n\n\n\n<ul class=\"wp-block-list\">\n<li>2013 onwards, \u201cManagement, Culture, Interpretation\u201c, together with Dirk Wagner, Springer VS, six published volumes till now.<\/li>\n\n\n\n<li>2018 onwards, \u201cAnthem Series on Thresholds and Transformations\u201d.<\/li>\n<\/ul>\n\n\n\n<p><strong>Peer-reviewte Zeitschriftenartikel<\/strong><\/p>\n\n\n\n<ul class=\"wp-block-list\">\n<li>Primus, Dirk; Sonnenburg, Stephan (2018): Flow experience in Design Thinking and practical synergies with Lego Serious Play. In: Creativity Research Journal, 30(1), 104-112.<\/li>\n\n\n\n<li>Sonnenburg, Stephan; Runco, Mark (2017): Pathways to the Hero\u2019s Journey: A Tribute to Joseph Campbell and the 30th Anniversary of His Death. In: Journal of Genius and Eminence, 2(2), 1-8.<\/li>\n\n\n\n<li>Sonnenburg, Stephan (2017): From zero to hero: A metaphorical amplification of design thinking. In: Journal of Genius and Eminence, 2(2), 104-114.<\/li>\n\n\n\n<li>Sonnenburg, Stephan; Manz, Lena (2017): Moments to despair in the co-creative process. In: Business Creativity and the Creative Economy, 3, 75-87.<\/li>\n\n\n\n<li>Sonnenburg, Stephan; Wee, Desmond (2016): Introduction to touring consumption. In: Journal of Consumer Culture, 16(2), 322-333.<\/li>\n\n\n\n<li>Baker, Laura; Sonnenburg, Stephan (2013): Business co-creativity with an eye towards MENA. In: Journal of Strategy and Management, 6(2), 123-138.<\/li>\n\n\n\n<li>Singh, Sangeeta; Sonnenburg, Stephan (2012): Brand performances in social media. In: Journal of Interactive Marketing, 26(4), 189-197.<\/li>\n\n\n\n<li>Sonnenburg, Stephan (2004): Creativity in communication: A theoretical framework for collaborative product creation. In: Creativity and Innovation Management, 13(4), 254-262.<\/li>\n<\/ul>\n\n\n\n<p><strong>Bearbeitete Kapitel und Artikel<\/strong><\/p>\n\n\n\n<ul class=\"wp-block-list\">\n<li>Primus, Dirk; Sonnenburg, Stephan (2020): Flow. In: Runco, Mark A; Pritzker, Steven R. (Eds.): Encyclopedia of Creativity, 3rd edition. Cambridge: Academic Press.<\/li>\n\n\n\n<li>Sonnenburg, Stephan (2019): Beyond a wordplay. In: Kuiper, Gabrielle; Hagoort, Giep; Kooyman, Rene (Eds.): Being Connected: Kunst en Economie: uitblinken in het cre\u00ebren van culturele, economische en maatschappelijke waarde, 80.<\/li>\n\n\n\n<li>Sonnenburg, Stephan (2019): From Design Thinking to designerly thinking. In: Kuiper, Gabrielle; Hagoort, Giep; Kooyman, Rene (Eds.): Being Connected: Kunst en Economie: uitblinken in het cre\u00ebren van culturele, economische en maatschappelijke waarde, 98.<\/li>\n\n\n\n<li>Sonnenburg, Stephan (2019): A hero\u2019s journey with Tarot cards in 60 minutes: A creative template. In: Kuiper, Gabrielle; Hagoort, Giep; Kooyman, Rene (Eds.): Being Connected: Kunst en Economie: uitblinken in het cre\u00ebren van culturele, economische en maatschappelijke waarde, 126-129.<\/li>\n\n\n\n<li>Sonnenburg, Stephan (2019): A hero\u2019s journey with Tarot cards in 60 minutes: A creative template. In: Kuiper, Gabrielle; Hagoort, Giep; Kooyman, Rene (Eds.): Being Connected: Kunst en Economie: uitblinken in het cre\u00ebren van culturele, economische en maatschappelijke waarde, 126-129.<\/li>\n\n\n\n<li>Hindley, Clare; Sonnenburg, Stephan (2019): Imagining yesterday: The geist of the Gothic. In: Kuiper, Gabrielle; Hagoort, Giep; Kooyman, Rene (Eds.): Being Connected: Kunst en Economie: uitblinken in het cre\u00ebren van culturele, economische en maatschappelijke waarde, 175-176.<\/li>\n\n\n\n<li>Sonnenburg, Stephan (2019): Branded Spaces: Corporate Architecture aus Sicht der Marke. In: Bielzer, L. (Ed.): Corporate Architecture. K\u00fcnzelsau: Swiridoff, 49-56.<\/li>\n\n\n\n<li>Sonnenburg, Stephan (2015): Mensch-Medien-Hybride: Auf dem Weg zu einem neuen Da-sein In: Stiegler, Christian; Breitenbach, Patrick; Zorbach, Thomas (Eds.): New Media Culture: Mediale Ph\u00e4nomene der Netzkultur. Bielefeld: transcript, 281-295.<\/li>\n\n\n\n<li>Sonnenburg, Stephan; Baker Laura (2013): Approaching branded spaces. In: Sonnenburg, Stephan; Baker, Laura (Eds.): Branded spaces: Experience enactments and entanglements. Wiesbaden: Springer VS, 9-29.<\/li>\n\n\n\n<li>Sonnenburg, Stephan (2013): Beatles &amp; Co: Creativity as an emergent phenomenon. In: Becker, Lutz; M\u00fcller, Andreas (Eds.): Narrative and innovation. Wiesbaden: Springer VS, 175-194.<\/li>\n\n\n\n<li>Baker, Laura; Sonnenburg, Stephan (2012): Using DASH to generate co-creativity in liminal experiences. In: Innovating innovation, initiated by Thomas Fundneider and Markus Peschl in cooperation with APA-ZukunftWissen.<\/li>\n\n\n\n<li>Baker, Laura; Sonnenburg, Stephan (2011): Creating creativity in business contexts. In: Bylok, Felicjan; Cichob\u0142azinski, Leszek (Eds.): The role of human capital in knowledge based management. Czestochowa: WWZPCz, 17-31.<\/li>\n\n\n\n<li>Sonnenburg, Stephan (2011): Brauchen Kulturmarken Markenkultur? Zwischen Inszenierung und Involvierung. In: Holst, Christian; Janner, Karin; Kopp, Axel (Eds.): Social Media im Kulturmanagement: Wie Online-Gesch\u00e4ftsmodelle und das mobile Web das Kulturmanagement revolutionieren. Heidelberg: mitp, 191-207.<\/li>\n\n\n\n<li>Sonnenburg, Stephan (2011): Kreativit\u00e4t. In: Meier, Rolf; Jan\u00dfen, Axel (Eds.): Coachs ausbilden: Ein strategisches Curriculum. Sternenfels: Wissenschaft &amp; Praxis Dr. Brauner, 406-413.<\/li>\n\n\n\n<li>Sonnenburg, Stephan (2010): Unternehmenskreativit\u00e4t als Unternehmen Kreativit\u00e4t: Und was k\u00f6nnen wir dabei von ber\u00fchmten Unternehmungen lernen? In: Prei\u00df, J\u00fcrgen (Eds.): Jahrbuch der Kreativit\u00e4t 2010. K\u00f6ln: JPMK, 101-112.<\/li>\n\n\n\n<li>Sonnenburg, Stephan (2009): Markenmodelle des Involvements: Von der Mission zur Transmission. In: Sonnenburg, Stephan (Eds.): Swarm Branding: Markenf\u00fchrung im Zeitalter von Web 2.0. Wiesbaden: Springer VS, 73-86.<\/li>\n\n\n\n<li>Burgold, Felix; Sonnenburg, Stephan; Vo\u00df, Markus (2009): Masse macht Marke: Die Bedeutung von Web 2.0 f\u00fcr die Markenf\u00fchrung. In: Sonnenburg, Stephan (Eds.): Swarm Branding: Markenf\u00fchrung im Zeitalter von Web 2.0. Wiesbaden: Springer VS, 9-18.<\/li>\n\n\n\n<li>Sonnenburg, Stephan (2007): Creative complexes: A theoretical framework for collaborative creativity. In: J\u00f6stingmeier, Bernd; Boeddrich, Heinz-J\u00fcrgen. (Eds.): Cross-cultural innovation. M\u00fcnchen: Oldenbourg, 149-165.<\/li>\n<\/ul>\n\n\n\n<p><strong>Zeitschriftenartikel und Interviews<\/strong><\/p>\n\n\n\n<ul class=\"wp-block-list\">\n<li>Sonnenburg, Stephan (2017): &#8222;So schickt man Kreative auf eine Heldenreise\u201c, Werben &amp; Verkaufen 11.12.2017,<\/li>\n\n\n\n<li><a href=\"https:\/\/www.wuv.de\/karriere\/so_schickt_man_kreative_auf_eine_heldenreise\" target=\"_blank\" rel=\"noreferrer noopener\">www.wuv.de\/karriere\/so_schickt_man_kreative_auf_eine_heldenreise<\/a>.<\/li>\n\n\n\n<li>Sonnenburg, Stephan (2017): &#8222;Was bringt Design Thinking in Agenturen?\u201c, Werben &amp; Verkaufen 18.09.2017,<\/li>\n\n\n\n<li><a href=\"https:\/\/www.wuv.de\/agenturen\/was_bringt_design_thinking_in_agenturen\" target=\"_blank\" rel=\"noreferrer noopener\">www.wuv.de\/agenturen\/was_bringt_design_thinking_in_agenturen<\/a>.<\/li>\n\n\n\n<li>Sonnenburg, Stephan (2017): &#8222;Diese Techniken machen kreativer&#8220;, Werben &amp; Verkaufen 23.05.2017,<\/li>\n\n\n\n<li>www.wuv.de\/agenturen\/diese_techniken_machen_kreativer.<\/li>\n\n\n\n<li>Sonnenburg, Stephan (2017): &#8222;Macht Trump uns alle kreativer&#8220;, Werben &amp; Verkaufen 04.04.2017, www.wuv.de\/agenturen\/interview_macht_trump_uns_alle_kreativer.<\/li>\n\n\n\n<li>Sonnenburg, Stephan (2017): &#8222;Kreativer scheitern: Warum Fehler und Qualen dazu geh\u00f6ren&#8220;, Werben &amp;Verkaufen 21.02.2017, www.wuv.de\/agenturen\/kreativer_scheitern_warum_fehler_und_qualen_dazu_gehoeren.<\/li>\n\n\n\n<li>K\u00fcpers, Wendelin; Sonnenburg, Stephan; Zerr, Michael (2017): \u201eThe Karls as a place for re-thinking management\u201c. In: Karlsmagazine, 6-8.<\/li>\n\n\n\n<li>Sonnenburg, Stephan (2010): Brands are like Barbecues: Die Mit-Mach-Kultur in der Marke. In: German Council Magazin &#8222;Kultur&#8220;, 34-38.<\/li>\n<\/ul>\n\n\n\n<h2 class=\"wp-block-heading\">Beitr\u00e4ge auf akademischen Konferenzen<\/h2>\n\n\n\n<ul class=\"wp-block-list\">\n<li>\u201cOrganizations as cathedrals: The Geist of the Gothic\u201d (together with Clare Hindley), Standing Conference on Organizational Symbolism \u201cGhosts\u201d, York, 8.-11 July 2019.<\/li>\n\n\n\n<li>\u201cMeasuring individual flow experience with EEG\u201d (together with Johanna Anzengruber and Dirk Primus) plus roundtable, ISPIM Innovation Conference, Florence, 16.-19. June 2019.<\/li>\n\n\n\n<li>\u201cIn-between thresholds and transformations\u201d, Art of Management &amp; Organization Conference, Brighton, 30.08.-02.09.2018.<\/li>\n\n\n\n<li>\u201cThe heroine or hero with a thousand ideas: Melding myth and management\u201d, Art of Management &amp; Organization Conference, Brighton, 30.08.-02.09.2018.<\/li>\n\n\n\n<li>\u201cPathways from the hero\u2019s journey: A tribute to Joseph Campbell and the 30th anniversary of his death\u201d, Panel-Organizer, Creativity Conference, Ashland, Oregon, 03.-06.08.2018.<\/li>\n\n\n\n<li>\u201cTeam flow rhythms during design thinking: Flow inhibitors, flow inducers and the link between team flow rhythms and co-creative quality\u201d (together with Dirk Primus), ISPIM Innovation Conference, Stockholm, 17.-20.06.2018.<\/li>\n\n\n\n<li>\u201cMarke \u2013 Mythos \u2013 Medien: The hero wears Prada.\u201d, Corporate Architecture Conference, K\u00fcnzelsau, 19.01.2018.<\/li>\n\n\n\n<li>\u201cFlow experience in Design Thinking and practical synergies with Lego Serious Play\u201d, XXVIII ISPIM Innovation Conference, Vienna, 18.-21.06.2017.<\/li>\n\n\n\n<li>\u201cHuman-robot-hybridity in performance: Approaching a new da-sein by disability\u201d (together with Claudia Rebola), Utopia after the Human, The Fifth Symposium of the Imaginaries of the Future: Historicizing the Present Leverhulme International Research Network, Ithaca, NY, 11.-12.04. 2017.<\/li>\n\n\n\n<li>\u201cFrom zero to hero: A metaphorical perspective on design thinking\u201d, International Conference \u201cCreative Society: Ideas, Problems, and Concepts\u201d, Florence, 13.-14.03.2017.<\/li>\n\n\n\n<li>\u201cMoments to despair in the co-creative process\u201d, XXVII ISPIM Innovation Conference, Porto, 19.-22.06.2016.<\/li>\n\n\n\n<li>&nbsp;\u201cDeconstructing brands\u201d (together with Laura Baker), Standing Conference on Organizational Symbolism \u201cCreative De-Construction\u201d, Warsaw, 13.-16.07.2013.<\/li>\n\n\n\n<li>\u201cCo-creativity as normal business\u201d (together with Laura Baker), Standing Conference on Organizational Symbolism \u201cCreative De-Construction\u201d, Warsaw, 13.-16.07.2013.<\/li>\n\n\n\n<li>\u201cCo-creativity as a liminal experience\u201d (Keynote Speaker), AIB-MENA conference \u201cManaging in Uncertain Times\u201d, Dubai, 13.-15.01.2012.<\/li>\n\n\n\n<li>\u201cCreating creativity in business contexts\u201d at the conference \u201cPeople and the Value of an Organization \u2013 Social, Human and Intellectual Capital\u201d, Czestochowa\/Koszecin,16.-17.06.2011.<\/li>\n\n\n\n<li>\u201cWe-branding: Brands are like barbecues\u201c at the conference \u201cNarrative + Innovation\u201d, Karlshochschule International University, Karlsruhe, 15.-17.09.2010.<\/li>\n\n\n\n<li>&nbsp;\u201cSwarm creativity\u201c at the 3rd UNeECC (University Network of the European Capitals of Culture) conference, Vilnius, 22.-23.10.2009.<\/li>\n\n\n\n<li>\u201cProject creativity in organizations: What can we learn from the Beatles, Picasso, Braque, and Herzog &amp; de Meuron?\u201d at the Creative Economy and Beyond Conference, Helsinki, 09.-10.09.2009.<\/li>\n\n\n\n<li>\u201cGroup creativity and beyond: What can we learn from famous groups?\u201d at the Applied Business Creativity in 21st-Century Organisations Conference, London, 30.-31.05.2007.<\/li>\n<\/ul>\n\n\n\n<h2 class=\"wp-block-heading\">Organisierte Konferenzen und Akademien<\/h2>\n\n\n\n<p><strong>2019<\/strong><\/p>\n\n\n\n<p>Planung und Organisation der ersten &#8222;Imagining Tomorrow&#8220; Sommerakademie an der Karlshochschule vom 27. Mai bis 6. Juni. Imagining Tomorrow ist ein zweiw\u00f6chiges internationales Studienprogramm bei dem sich Studierende aus Kunst, Design, Wirtschaft, Management und Architektur gemeinsam mit Dozierenden Problemstellungen rund um die Zukunft von Kunst und Kommunikation widmen. Dabei kollaborieren sie mit Kunden aus \u00f6ffentlichen und privaten Organisationen wie Reet Aus Fashion Tallinn, Anne Frank Zentrum Berlin, das Niederl\u00e4ndische Rote Kreuz, die \u00f6ffentliche Bibliothek Amsterdam oder das ZKM\/Zentrum f\u00fcr Kunst und Medien in Karlsruhe und erarbeiten kreative und kunstvolle L\u00f6sungen.<\/p>\n\n\n\n<p><strong>2014<\/strong><\/p>\n\n\n\n<p>\u201cReThinking management\u201c Konferenz&nbsp; &#8211; Konzeption und Organisation gemeinsam mit Wendelin K\u00fcpers, David Sixt und Martin Zierold (alle von der Karlshochschule), siehe Publikationen.<\/p>\n\n\n\n<p><strong>2013<\/strong><\/p>\n\n\n\n<p>\u201cTouring consumption\u201d Konferenz &#8211; Konzeption und Organisation gemeinsam mit Desmond Wee und David Sixt (alle von der Karlshochschule), siehe Publikationen.<\/p>\n\n\n\n<p><strong>2012-2016<\/strong><\/p>\n\n\n\n<p>Mitentwickler des Internationalen Sommer Programms \u201cIntercultural management: A Scandinavian perspective\u201c.<\/p>\n\n\n\n<p><strong>2011<\/strong><\/p>\n\n\n\n<p>\u201cBranded spaces\u201d Konferenz &#8211; Konzeption und Organisation gemeinsam mit together with Laura Baker (FH Joanneum Graz) and Louise Bielzer (Karlshochschule), see section publications.<\/p>\n\n\n\n<h2 class=\"wp-block-heading\">Zertifikate<\/h2>\n\n\n\n<ul class=\"wp-block-list\">\n<li>2017 Lego Serious Play zertifizierter Trainer.<\/li>\n\n\n\n<li>2015 Design Thinking Training an der HPI Akademie in Potsdam<\/li>\n<\/ul>\n\n\n\n<p><\/p>\n","protected":false},"excerpt":{"rendered":"<p>Prof. Dr. Stephan Sonnenburg<\/p>\n","protected":false},"author":1,"featured_media":928,"comment_status":"closed","ping_status":"closed","sticky":false,"template":"","format":"standard","meta":{"footnotes":""},"categories":[19],"tags":[],"class_list":["post-597","post","type-post","status-publish","format-standard","has-post-thumbnail","hentry","category-professorinnen","infinite-scroll-item","generate-columns","tablet-grid-50","mobile-grid-100","grid-parent","grid-50"],"_links":{"self":[{"href":"https:\/\/www.karlshochschule.de\/de\/wp-json\/wp\/v2\/posts\/597","targetHints":{"allow":["GET"]}}],"collection":[{"href":"https:\/\/www.karlshochschule.de\/de\/wp-json\/wp\/v2\/posts"}],"about":[{"href":"https:\/\/www.karlshochschule.de\/de\/wp-json\/wp\/v2\/types\/post"}],"author":[{"embeddable":true,"href":"https:\/\/www.karlshochschule.de\/de\/wp-json\/wp\/v2\/users\/1"}],"replies":[{"embeddable":true,"href":"https:\/\/www.karlshochschule.de\/de\/wp-json\/wp\/v2\/comments?post=597"}],"version-history":[{"count":0,"href":"https:\/\/www.karlshochschule.de\/de\/wp-json\/wp\/v2\/posts\/597\/revisions"}],"wp:featuredmedia":[{"embeddable":true,"href":"https:\/\/www.karlshochschule.de\/de\/wp-json\/wp\/v2\/media\/928"}],"wp:attachment":[{"href":"https:\/\/www.karlshochschule.de\/de\/wp-json\/wp\/v2\/media?parent=597"}],"wp:term":[{"taxonomy":"category","embeddable":true,"href":"https:\/\/www.karlshochschule.de\/de\/wp-json\/wp\/v2\/categories?post=597"},{"taxonomy":"post_tag","embeddable":true,"href":"https:\/\/www.karlshochschule.de\/de\/wp-json\/wp\/v2\/tags?post=597"}],"curies":[{"name":"wp","href":"https:\/\/api.w.org\/{rel}","templated":true}]}}