{"id":826,"date":"2023-11-27T11:20:55","date_gmt":"2023-11-27T10:20:55","guid":{"rendered":"https:\/\/karlshochschule.de\/?p=826"},"modified":"2024-03-05T08:15:24","modified_gmt":"2024-03-05T07:15:24","slug":"studierendeninitiativen","status":"publish","type":"post","link":"https:\/\/www.karlshochschule.de\/de\/unileben\/studierendeninitiativen.html","title":{"rendered":"Studierendeninitiativen"},"content":{"rendered":"\n<h2 class=\"wp-block-heading nachh1\">Du kannst dich einer der zahlreichen Initiativen anschlie\u00dfen oder selbst eine gr\u00fcnden!<\/h2>\n\n\n\n<p>Die Karlshochschule ist vor allem ein Ort des gemeinsamen Ausprobierens. Hier kannst Du die Dinge neben dem Studium selbst in die Hand nehmen.<\/p>\n\n\n\n<p>Du kannst dich einer der zahlreichen studentischen Initiativen anschlie\u00dfen oder selbst eine gr\u00fcnden. Egal ob Chor, Improvisationstheater-, Tanz- oder Cheerleadergruppe, Fu\u00dfball, Basketball, Volleyball, das Karlscaf\u00e9, Nachhaltigkeitsinitiative, studentische Unternehmensberatung oder Eventagentur \u2013\u00a0die M\u00f6glichkeiten, sich unmittelbar an der Karlshochschule zu engagieren sind zahlreich und vielf\u00e4ltig. Zus\u00e4tzlich kannst Du dich als Mitglied der <a href=\"https:\/\/karlshochschule.de\/de\/unileben\/studierendenvertretung-stuv.html\" data-type=\"post\" data-id=\"1099\">Studierendenvertretung<\/a> auch unmittelbar hochschulpolitisch f\u00fcr die Interessen meiner Kommilitoninnen und Kommilitonen einsetzen.<\/p>\n\n\n\n<hr class=\"wp-block-separator has-alpha-channel-opacity\"\/>\n\n\n\n<h3 class=\"wp-block-heading\">Hakuna Matata Initiative<\/h3>\n\n\n\n<p>Hakuna Matata ist eine unserer neueren KarlsInitiativen. Ihr Ziel ist es, den Zusammenhalt der Studierenden untereinander durch die Ubuntu Philosophie zu st\u00e4rken.<\/p>\n\n\n\n<p><strong>Philosophie<\/strong>: Wir haben unsere Initiative auf zwei zentrale philosophische Ideen Afrikas konzentriert: Ubuntu und Hakuna Matata. Ubuntu ist \u201eder Glaube an eine universelle Bindung des Teilens, die die gesamte Menschheit verbindet.&#8220; Wir leben in einer vernetzten und hyper-globalisierten Welt. Wir sind alle eine gro\u00dfe Gemeinschaft und leben nach dem Motto &#8222;Ich bin, weil wir sind&#8220;. Mit Ubuntu wollen wir ein Gef\u00fchl der Br\u00fcderlichkeit und Schwesternschaft sowie der intrinsischen Zusammenarbeit und Verantwortung gegen\u00fcber dem gr\u00f6\u00dferen Ganzen entwickeln. Der Begriff &#8222;Hakuna Matata&#8220; kommt aus dem Swahilischen und bedeutet &#8222;keine Sorgen, keine Problem&#8220;.<\/p>\n\n\n\n<p><strong>Was wir tun<\/strong>: Die Grundidee der Initiative ist es<\/p>\n\n\n\n<ol class=\"wp-block-list\">\n<li>Einen gemeinsamen Raum f\u00fcr internationale Studierende zu schaffen, um kulturellen Austausch untereinander und Partizipation in der lokalen Kultur zu f\u00f6rdern.<\/li>\n\n\n\n<li>Pers\u00f6nliche Entwicklung und Bef\u00e4higung (&#8222;empowerment&#8220;) auch au\u00dferhalb des Seminarraums zu f\u00f6rdern.&nbsp;<\/li>\n\n\n\n<li>Internationalen Studierenden die n\u00f6tigen Informationen und Orientierungshilfen zu bieten, um in Karlsruhe Fu\u00df zu fassen.<\/li>\n<\/ol>\n\n\n\n<p><strong>Vision<\/strong>: Unsere Vision ist es, ein wachsendes Bewusstsein bez\u00fcglich Ethnozentrismus in der Gesellschaft zu unterst\u00fctzen und die Menschen zu ermutigen, \u00fcber &#8222;den eigenen Tellerrand&#8220; zu schauen. Daneben wollen wir eine Gemeinschaft und einen Raum der Geborgenheit schaffen, in dem die Studierenden unterst\u00fctzt werden, ihre eigenen St\u00e4rken zu erkennen und zu entwickeln und sich selbst in einem vorurteilsfreien Umfeld zu bewegen.<\/p>\n\n\n\n<hr class=\"wp-block-separator has-alpha-channel-opacity\"\/>\n\n\n\n<h3 class=\"wp-block-heading\">KarlsBeratung<\/h3>\n\n\n\n<p><strong>Unsere Mission:<\/strong> Wir verbinden innovative Studenten mit Organisationen und kleinen Unternehmen, f\u00fcr beidseitiges Wachstum.<\/p>\n\n\n\n<p>Die KarlsBeratung ist eine studentische Unternehmensberatung. Seit der Gr\u00fcndung durch Karls-Studierende 2013 unterst\u00fctzen wir Startups sowie regionale Unternehmen bei&nbsp;der Koordinierung und Erarbeitung von neuen Gesch\u00e4ftsvorhaben, Prozess- oder Produktoptimierungen, Marketingaufgaben,&nbsp;Vereinsarbeiten oder auch Vertriebschancen. Unser Fokus liegt hierbei auf einer sozialen und nachhaltigen Herangehensweise.<\/p>\n\n\n\n<p><strong>Was uns besonders macht:<\/strong> Unsere Unternehmensberatung besteht aus Studierenden der Karlshochschule. Somit zeichnen wir uns durch eine junge und dynamische Herangehensweise bei den Projekten aus \u2013&nbsp;mit&nbsp;innovativen Ans\u00e4tzen und Ideen. Wenn Sie Interesse an einer Kooperation haben oder bei uns als Berater mitmachen wollen, z\u00f6gern sie nicht uns zu kontaktieren oder besuchen Sie uns auf unserer Website.<\/p>\n\n\n\n<hr class=\"wp-block-separator has-alpha-channel-opacity\"\/>\n\n\n\n<h3 class=\"wp-block-heading\">KarlsBuddies<\/h3>\n\n\n\n<p>KarlsBuddies ist eine der wunderbaren studentischen Initiativen, die die Karlshochschule so besonders machen. Vor einem Semester im Ausland gibt es viele offene Fragen und Aufgaben zu erledigen. Hierf\u00fcr steht jeder Austauschstudentin und jedem Austauschstudenten, der neu an die Karlshochschule kommt, ein Buddy zur Seite. Neben der Unterst\u00fctzung bei allem, was man beim Umzug in eine neue Stadt braucht, sind die KarlsBuddies auch Freunde, um sich auf einen Kaffee zu treffen und die Party- und Eventlocations in Karlsruhe kennen zu lernen.<\/p>\n\n\n\n<p>Unser Ziel ist es, dass sich die Internationalen Studierenden von Anfang an in Deutschland, insbesondere bei uns an der Karlshochschule, wohl und willkommen f\u00fchlen. Bei Fragen, Anregungen, Feedback oder wenn ihr selbst ein Buddy werden wollt, meldet Euch gerne bei uns!<\/p>\n\n\n\n<hr class=\"wp-block-separator has-alpha-channel-opacity\"\/>\n\n\n\n<h3 class=\"wp-block-heading\">KarlsCare<\/h3>\n\n\n\n<p>Wir sind der \u00dcberzeugung, dass die F\u00fcrsorge und das Eintreten f\u00fcr andere zu den wichtigsten Werten der Karls geh\u00f6ren.<\/p>\n\n\n\n<p>Wir wollen gemeinsam wachsen und lernen, andere zu unterst\u00fctzen. Bei KarlsCare integrieren wir diese Ans\u00e4tze in das Herz unserer Initiative. Wir m\u00f6chten mit unserem Engagement dazu beitragen, die Karls so inklusiv wie m\u00f6glich zu machen. Unsere Aufmerksamkeit gilt dem Thema mentale Gesundheit und wir m\u00f6chten auch andere f\u00fcr das Thema sensibilisieren. \u00dcber die Arbeit in unserer Initiative m\u00f6chten wir sicherstellen, dass Studierende, die Schwierigkeiten haben Unterst\u00fctzung bekommen.&nbsp;&nbsp;<\/p>\n\n\n\n<p>Mit unserer Initiative bieten wir Studierenden \u00fcber Peer-to-Peer-Unterst\u00fctzung die M\u00f6glichkeit, sich auf Augenh\u00f6he auszutauschen. Wir m\u00f6chten vermitteln, dass sich jede*r akzeptiert, integriert und geh\u00f6rt f\u00fchlen, sowie das Unileben meistern kann. Neben der M\u00f6glichkeit der individuellen Unterst\u00fctzung treffen wir uns regelm\u00e4\u00dfig, um unsere Fortschritte zu besprechen. Au\u00dferdem planen und organisieren wir integrative Veranstaltungen und Workshops rund um das Thema mentale Gesundheit.<\/p>\n\n\n\n<p>Werde Teil unserer Initiative: Entweder, weil du dir vorstellen kannst als Mentor*in f\u00fcr andere Studierende t\u00e4tig zu werden, oder weil du uns bei der Organisation von Veranstaltungen zum Thema mentale Gesundheit helfen m\u00f6chtest oder auch weil du das Gef\u00fchl hast, selbst Unterst\u00fctzung zu ben\u00f6tigen. Wir sind f\u00fcr dich da und freuen uns, dich in unserer Initiative zu sehen!<\/p>\n\n\n\n<p>Melde dich gerne bei uns, falls du Fragen, Anregungen oder weitere Ideen hast!<\/p>\n\n\n\n<hr class=\"wp-block-separator has-alpha-channel-opacity\"\/>\n\n\n\n<h3 class=\"wp-block-heading\">KarlsDana<\/h3>\n\n\n\n<p>Wir sind eine Initiative, die sich f\u00fcr soziale Projekte einsetzt und der Gesellschaft etwas zur\u00fcckgeben m\u00f6chte! Wir glauben, dass alle Menschen gleich sind und wollen durch Empathie und Freundlichkeit soziale Ungerechtigkeit und Vorurteile \u00fcberwinden und Menschen in Not eine Chance geben, gesehen zu werden.<\/p>\n\n\n\n<p><strong>Philosophie<\/strong>: Du fragst dich vielleicht: &#8222;Was ist Dana? &#8220; Es ist eine buddhistische Philosophie, die f\u00fcr selbstloses Geben, Gro\u00dfz\u00fcgigkeit und N\u00e4chstenliebe steht. Wir wollen dies so gut wie m\u00f6glich erf\u00fcllen!<\/p>\n\n\n\n<p><strong>Als Mitglied k\u00f6nnt ihr<\/strong>:<\/p>\n\n\n\n<ul class=\"wp-block-list\">\n<li>euch an sozialen Projekten beteiligen und der Gemeinschaft etwas zur\u00fcckgeben<\/li>\n\n\n\n<li>Veranstaltungen organisieren, um Geld f\u00fcr die Projekte zu sammeln &#8211; und Du kannst Deinen Lebenslauf und Dein Karma verbessern \ud83d\ude09<\/li>\n<\/ul>\n\n\n\n<p><strong>Vision<\/strong>: Unsere Mission ist es, einen positiven Einfluss zu haben, indem wir unser Privileg nutzen, um vielen Menschen in und um Karlsruhe zu helfen. Lasst uns so viel Positivit\u00e4t und Liebe verbreiten, wie wir k\u00f6nnen! Melde Dich bei uns, wenn Du Fragen oder Anregungen hast! Werde ein Teil von KarlsDana!<\/p>\n\n\n\n<hr class=\"wp-block-separator has-alpha-channel-opacity\"\/>\n\n\n\n<h3 class=\"wp-block-heading\">KarlsDyslexia<\/h3>\n\n\n\n<p>Die Dyslexia-Initiative ist eine studentische Interessengruppe, die sich daf\u00fcr einsetzt, dass die Karlshochschule zu einer akademischen Inklusionseinrichtung f\u00fcr Menschen mit Lernbehinderungen wird.<\/p>\n\n\n\n<p>Die gro\u00dfe Zahl internationaler Studierender an der Karlshochschule hat gezeigt, dass Deutschland in Sachen inklusives Lernen eher r\u00fcckst\u00e4ndig ist. Andere L\u00e4nder haben eine weitaus bessere Bildungsdidaktik und Ressourcen, die f\u00fcr Menschen mit einer Lernbehinderung zur Verf\u00fcgung stehen. Deutschland hat zwar bereits Gesetze f\u00fcr eine inklusivere Bildung verabschiedet, aber die Umsetzung l\u00e4sst zu w\u00fcnschen \u00fcbrig. Deshalb setzen wir uns als Initiative f\u00fcr ein besseres Lernumfeld ein und haben f\u00fcnf Ziele formuliert:<\/p>\n\n\n\n<ul class=\"wp-block-list\">\n<li>Standardisierte Beantragung von Hilfsmitteln f\u00fcr Pr\u00fcfungen<\/li>\n\n\n\n<li>Durchf\u00fchrung von Bildungsveranstaltungen f\u00fcr die Universit\u00e4t<\/li>\n\n\n\n<li>\u00c4nderung der Lehrmethoden f\u00fcr den Sprachunterricht<\/li>\n\n\n\n<li>Zugang zu digitalen Hilfsmitteln gew\u00e4hren<\/li>\n\n\n\n<li>Zusammenarbeit mit anderen Universit\u00e4ten und Interessenverb\u00e4nden<\/li>\n<\/ul>\n\n\n\n<p>Lernbehinderungen \u00e4u\u00dfern sich dadurch, dass sie die Art und Weise ver\u00e4ndern, wie Menschen Informationen wahrnehmen und verstehen. Das bedeutet, dass eine Person mit einer Lernbehinderung, wie z. B. Legasthenie, m\u00f6glicherweise einen anderen Weg zur gew\u00fcnschten L\u00f6sung gehen muss als den, der als Standard gilt. Die Betonung liegt hier auf Standardverfahren, da Sch\u00fcler mit Lernbehinderungen aufgrund ihrer unterschiedlichen Bed\u00fcrfnisse beim Verstehen von Informationen Vorurteile haben k\u00f6nnen. Unser derzeitiges Verst\u00e4ndnis von &#8222;normalem&#8220; Lernen l\u00e4sst diese Bed\u00fcrfnisse nicht zu. Daher sollten wir hinterfragen, was &#8222;normales&#8220; Lernen ersetzt und wie wir es als Gesellschaft erweitern k\u00f6nnen, um mehr Inklusion zu f\u00f6rdern. Wir als studentische Interessenvertretung wollen nicht lernbehinderte Sch\u00fcler unterst\u00fctzen, sondern die Unterrichtsmethoden \u00e4ndern. Jeder Sch\u00fcler soll seine St\u00e4rken nutzen k\u00f6nnen.<\/p>\n\n\n\n<p>Das deutsche Bildungssystem h\u00e4lt Menschen mit Lernschwierigkeiten aus Scham leider systematisch davon ab, ein Hochschulstudium zu absolvieren. Deshalb m\u00fcssen wir daran arbeiten, das Stigma der Lernbehinderung zu beseitigen und alle Studierenden zu bef\u00e4higen, ihre Chance zu nutzen! Dar\u00fcber hinaus ist es von entscheidender Bedeutung, den Dozenten ein Verst\u00e4ndnis daf\u00fcr zu vermitteln, wie sich Lernbehinderungen \u00e4u\u00dfern, und ihnen besser geeignete Lehrmittel an die Hand zu geben. Auf diese Weise k\u00f6nnen die Studierenden besser lernen.<\/p>\n\n\n\n<p>Pers\u00f6nliches Statement eines Studenten \u00fcber Legasthenie im deutschen Bildungssystem: &#8222;Im deutschen System, in dem ich aufgewachsen bin, gibt es ein viel gr\u00f6\u00dferes Stigma in Bezug auf Lernbehinderungen, zum Beispiel bei Legasthenie. Das mag internationale Studierende \u00fcberraschen, die aus einem Land kommen, in dem sie Zugang zu Hilfsmitteln haben, die f\u00fcr Lernbehinderungen entwickelt wurden. Lehrer und vor allem Menschen der \u00e4lteren Generation bezeichnen diese Sch\u00fcler schnell als faul oder gar einf\u00e4ltig. Vor allem zu meiner Zeit war das Bildungssystem nicht auf Sch\u00fcler mit Lernbehinderungen zugeschnitten, da wir nach der Grundschule nach unserem dreigliedrigen Bildungskonzept aufgeteilt wurden. Dieses basierte auf Noten und teilte die Sch\u00fcler in Hauptschule, Realschule und schlie\u00dflich Gymnasium ein. Letzteres war schwieriger zu erreichen, da die meisten Noten mit einer intensiven Konzentration auf Schreibpr\u00fcfungen erworben wurden. Schwierigkeiten mit der Rechtschreibung konnten sich als fatal f\u00fcr das Erreichen guter Noten erweisen.<\/p>\n\n\n\n<p>Au\u00dferdem verfestigte sich der Glaube, dass Sch\u00fcler mit Legasthenie der Aufgabe einfach geistig nicht gewachsen waren. Einige Lehrer nahmen es sogar auf sich, meiner Mutter mitzuteilen, dass ich nicht auf das Gymnasium gehen d\u00fcrfe, da ich Legasthenie habe und deshalb nicht f\u00e4hig genug sei. Dieses Schicksal ist nicht auf Legasthenie beschr\u00e4nkt, sondern trifft alle Sch\u00fcler mit Lernschwierigkeiten. Die einzige Unterst\u00fctzung, die ich im deutschen Bildungssystem je erhielt, war mehr Zeit, aber da meine Behinderung keine Pause zul\u00e4sst, ist das fast nutzlos. Das System hat sich seitdem leicht ver\u00e4ndert, aber nicht deutlich genug und vor allem nicht, um Sch\u00fcler mit Lernbehinderungen zu unterst\u00fctzen.&#8220;<\/p>\n\n\n\n<hr class=\"wp-block-separator has-alpha-channel-opacity\"\/>\n\n\n\n<h3 class=\"wp-block-heading\">KarlsforFuture<\/h3>\n\n\n\n<p><strong>Mission: <\/strong>Wir m\u00f6chten andere Studierende ermutigen, sich aktiv f\u00fcr Nachhaltigkeit, Umwelt- und Klimaschutz einzusetzen.&nbsp;<br><br><strong>Was macht uns besonders?<\/strong> Wir sind eine bunte Gruppe von Studierenden aus allen Studieng\u00e4ngen, vereint durch die Liebe zur Natur und durch die Leidenschaft f\u00fcr Umwelt- und Klimaschutz. Um mehr Menschen f\u00fcr diese Themen zu interessieren, organisieren wir Ausstellungen \u00fcber unterschiedliche Themen, Events wie Kleidertauschb\u00f6rsen und unterst\u00fctzen die FridaysforFuture Bewegung durch aktive Unterst\u00fctzung und die Teilnahme an Demonstrationen.<\/p>\n\n\n\n<p>Bei unseren regelm\u00e4\u00dfigen Treffen beraten wir \u00fcber alte und neue Projektideen, tauschen Erfahrungen aus und planen gemeinsame Unternehmungen als Gruppe. Wenn du Lust hast dabei zu sein oder Ideen und Vorschl\u00e4ge hast, melde dich gerne bei uns.<\/p>\n\n\n\n<hr class=\"wp-block-separator has-alpha-channel-opacity\"\/>\n\n\n\n<h3 class=\"wp-block-heading\">KarlsGamers<\/h3>\n\n\n\n<p>KarlsGamers ist die Initiative f\u00fcr Vision\u00e4re, K\u00e4mpferinnen, Fans und Abenteurer. Es geht vor allem darum, Spa\u00df zu haben und neue Kontakte zu kn\u00fcpfen. Wir spielen sowohl offline- als auch online-Spiele. Offline treffen wir uns, um Brett- oder Kartenspiele zu spielen. Daneben haben wir auch Gruppen auf Steam, Discord und Whatsapp, wo wir uns 24\/7 austauschen k\u00f6nnen.&nbsp; Allerdings spielen wir nicht nur, sondern nutzen die gemeinsame Zeit auch, um Einblicke in die Gaming Industrie zu bekommen. Dazu organisieren wir Workshops und laden Pers\u00f6nlichkeiten aus dem Spiele-Business ein.<\/p>\n\n\n\n<p>Wenn du Lust hast uns kennenzulernen, Fragen hast oder bei unseren Treffen dabei sein willst, kontaktiere uns gerne (auf Englisch) &#8211; Im Notfall schicken wir dir unsere besten Drachenk\u00e4mpfer!<\/p>\n\n\n\n<hr class=\"wp-block-separator has-alpha-channel-opacity\"\/>\n\n\n\n<h3 class=\"wp-block-heading\">KarlsKickers<\/h3>\n\n\n\n<p>Repr\u00e4sentiere deine Uni! Spiele f\u00fcr die KarlsKickers in der Uni-Liga und genie\u00dfe das Gef\u00fchl, ein wahrer Kicker zu sein. Lass dich von deinen Kommilitonen anfeuern und sorge f\u00fcr Storys, die der <a href=\"https:\/\/www.facebook.com\/karlskickers\/?fref=ts\" target=\"_blank\" rel=\"noreferrer noopener\">Kickers<\/a> w\u00f6chentlich auf Facebook ver\u00f6ffentlicht.&nbsp;<\/p>\n\n\n\n<p>Falls du dabei sein willst oder Fragen zu unserem Team hast, schreib&#8216; uns gerne.<\/p>\n\n\n\n<hr class=\"wp-block-separator has-alpha-channel-opacity\"\/>\n\n\n\n<h3 class=\"wp-block-heading\">KarlsKonzerte<\/h3>\n\n\n\n<p><em>&#8222;Ohne Kunst ist alles pure Faktizit\u00e4t, nur Vordergrund ohne Hintergrund. Erst mit Kunst fangen wir an zu verstehen.&#8220;<\/em><\/p>\n\n\n\n<p>Aus der Liebe zur Kunst und Kultur und seinem wichtigen Beitrag zur Gesellschaft, setzt sich der Karlskonzerte e.V. daf\u00fcr ein, jungen, ambitionierten K\u00fcnstlern eine Plattform zu geben und diese zu f\u00f6rdern. Zudem ist es ein Ziel des studentischen Vereins, die kulturelle Szene in Karlsruhe zu f\u00f6rdern und Orte zum Erleben von Kultur entstehen zu lassen.<\/p>\n\n\n\n<p>In einem Team aus Studenten verschiedenster Hintergr\u00fcnde werden Locations und K\u00fcnstler gesucht, entsprechendes Marketing betrieben und Events durchgef\u00fchrt. Im Vordergrund steht aber klar der Spa\u00df, die M\u00f6glichkeit sich praktisch zu versuchen und sch\u00f6ne Konzerte und Events zusammen mit dem Publikum und den K\u00fcnstlern zu genie\u00dfen.<\/p>\n\n\n\n<hr class=\"wp-block-separator has-alpha-channel-opacity\"\/>\n\n\n\n<h3 class=\"wp-block-heading\">KarlsMUN <\/h3>\n\n\n\n<p><strong>Wer wir sind<\/strong>: KarlsMUN ist die Model United Nations (MUN) Initiative der Karlshochschule International University. Die KarlsMUN wird von Studierenden der Karlshochschule geleitet und alle Studierenden der Karlshochschule k\u00f6nnen ein Teil der KarlsMUN sein.&nbsp;<\/p>\n\n\n\n<p>Als MUN Initiative f\u00fcr Karlsruher Studierende arbeitet die KarlsMUN eng mit der <a href=\"https:\/\/munika.org\/\" target=\"_blank\" rel=\"noreferrer noopener\">MUNIKA<\/a> e.V. zusammen, welche unter anderem die j\u00e4hrliche Karlsruher Model United Nations Konferenz (<a href=\"https:\/\/kamun.org\/\" target=\"_blank\" rel=\"noreferrer noopener\">KAMUN<\/a>) organisiert.<\/p>\n\n\n\n<p><strong>Was ist MUN<\/strong>: Eine MUN ist eine Model United Nations Komferenz, bei der Teilnehmende ein Komitee der Vereinten Nationen simulieren. In diesem Komitee vertreten die Teilnehmenden die au\u00dfenpolitische Meinung eines Mitgliedsstaates der Vereinten Nationen und versuchen durch Debatten und Reden mit anderen Delegierten eine Resolution zu erarbeiten und zu verabschieden.&nbsp;<\/p>\n\n\n\n<p>Die meisten MUNs werden von Studierenden organisiert und erstellt eine Auswahl aus Komitees und L\u00e4ndern, welche sich meist mit spezifischen, aktuellen Themen besch\u00e4ftigen. Bei einigen MUNs gibt es auch historische Komitees, bei denen die Delegierten thematisch in die Vergangenheit reisen und schon geschehene Ereignisse neu debattieren.<\/p>\n\n\n\n<p><strong>Warum MUN<\/strong>: Gerade bei soziologischen und gesellschaftspolitischen Studieng\u00e4ngen sind MUNs ein sehr beliebtes und bew\u00e4hrtes Instrument, um sich auf T\u00e4tigkeiten im internationalen Umfeld vorzubereite und gleichzeitig an interkulturellen, transnationalen Veranstaltungen teilzunehmen und die verschiedensten Orte der Welt zu besuchen.&nbsp;<\/p>\n\n\n\n<p>Neben der j\u00e4hrlichen <a href=\"https:\/\/kamun.org\/\" target=\"_blank\" rel=\"noreferrer noopener\">KAMUN<\/a>, haben Mitglieder der KarlsMUN im letzten Studienjahr auch die MEDMUN in Menton, Frankreich, die PIMUN in Paris, Frankreich, die TLVMUN in Tel Aviv, Israel und die MaMUN in Mannheim besucht.<\/p>\n\n\n\n<p><strong>Unsere Ziele<\/strong>: Der akademische, kulturelle Austausch ist f\u00fcr die KarlsMUN von zentraler Bedeutung. Eine Rolle oder Meinung zu \u00fcbernehmen, die m\u00f6glicherweise nicht die eigene ist, verbessert das Verst\u00e4ndnis von Weltbild, anderen Positionen und Kulturen einer Person und bereitet Mitglieder auf ein internationales, politisches Arbeitsumfeld vor. Dieses wird vor allem auch durch den internationalen Charakter der MUN Konferenz gef\u00f6rdert, bei dem sich Teilnehmenden aus aller Welt treffen.&nbsp;<\/p>\n\n\n\n<p>Dar\u00fcber hinaus ist die KarlsMUN bem\u00fcht F\u00e4higkeiten zu f\u00f6rdern, die f\u00fcr F\u00fchrungskr\u00e4fte internationaler Organisationen von entscheidender Bedeutung sind. Zu diesem z\u00e4hlt das Verst\u00e4ndnis von Grundz\u00fcgen des V\u00f6lkerrechts, die Zusammenarbeit von NGOs, NPOs und Staaten, die Strukturen der Vereinten Nationen und ihrer Unterorganisationen, wie z.B. der Internationale Gerichtshof und noch viele mehr.<\/p>\n\n\n\n<p>Um unsere Mitglieder m\u00f6glichst gut auf eine MUN und das sp\u00e4tere Arbeitsleben vorzubereiten, besch\u00e4ftigen wir uns auch mit dem Erlernen und Verbessern von Soft Skills, wie etwa Rhetorik, Debattieren, Verhandeln, Forschen und Komprimieren.<\/p>\n\n\n\n<p><strong>Sonstiges<\/strong>&nbsp;: W\u00e4hrend des gesamten Semesters organisiert die KarlsMUN unterschiedliche Workshops, Seminare und Debatten, um optimal darauf vorbereitet zu sein, als Team an einer MUN Konferenz teilzunehmen.&nbsp; Egal, ob Du zum ersten Mal bei einer MUN teilnimmst oder bereits Erfahrung hast, bei der KarlsMUN ist jeder willkommen! Die Treffen sind w\u00f6chentlich f\u00fcr eine Stunde und abh\u00e4ngig vom Studienplan. <strong>Bist du bereit, Karls-Delegierte*r zu werden?<\/strong><\/p>\n\n\n\n<hr class=\"wp-block-separator has-alpha-channel-opacity\"\/>\n\n\n\n<h3 class=\"wp-block-heading\">Karls Storytellers<\/h3>\n\n\n\n<p>Die Karls Storytellers sind das studentische Social-Media-Team der Karlshochschule. Wir pr\u00e4sentieren die Karls in den offiziellen Kan\u00e4len der Hochschule und erz\u00e4hlen unsere Geschichte getreu unserem Motto \u201cLet\u2019s make a difference\u201d.&nbsp;&nbsp;<\/p>\n\n\n\n<p>Unser Redaktionsteam setzt sich aus Studierenden aller Studieng\u00e4nge und Semester zusammen und wird von zwei Coaches begleitet. Gemeinsam erarbeiten wir Formate f\u00fcr Facebook, Instagram &amp; Co und lernen alles rund um die professionelle Arbeit mit Social Media. Unser Schwerpunkt liegt auf der kreativen Arbeit: Der Content-Produktion (Foto, Text und Video).<\/p>\n\n\n\n<p>Aber auch die Theorie kommt bei uns nicht zu kurz: Neben der praktischen Arbeit, vermitteln wir in monatlichen Teamtreffen die Grundlagen erfolgreicher Social Media-T\u00e4tigkeit. Wir behandeln Fragen wie \u201eWas macht unsere Inhalte ansteckend und teilbar\u201c, \u201ewie gehen wir mit Trollen oder Shitstorms um\u201c und \u201ewie messen wir unsere Ergebnisse\u201c?<\/p>\n\n\n\n<p>Als Mitglieder unseres Teams &#8230;<\/p>\n\n\n\n<ul class=\"wp-block-list\">\n<li>&#8230; sammelst du praktische Erfahrungen in der Social Media Arbeit der Karlshochschule<\/li>\n\n\n\n<li>&#8230; profitierst du von einem professionellen Coaching im Content- und Community-Management<\/li>\n\n\n\n<li>&#8230; erh\u00e4ltst du theoretischen Input zu wichtigen Aspekten zielorientierter Kommunikation im Web<\/li>\n\n\n\n<li>&#8230; kannst du dir deine Arbeitszeiten nach R\u00fccksprache mit den Trainern frei und flexibel einteilen<\/li>\n\n\n\n<li>&#8230; bekommst du eine faire Aufwandsentsch\u00e4digung, sowie ein Referenzschreiben f\u00fcr deinen Lebenslauf<\/li>\n\n\n\n<li>&#8230; haben wir zusammen Spa\u00df beim Ausprobieren, Herumspielen und Experimentieren mit neuen Medien<\/li>\n<\/ul>\n\n\n\n<hr class=\"wp-block-separator has-alpha-channel-opacity\"\/>\n\n\n\n<h3 class=\"wp-block-heading\">Something<\/h3>\n\n\n\n<p>SOMETHING started in 2015. One student had the wish and the idea to bring all members of the University together and created this event. Thereby the focus should not be about individual talents, but more about students of Karlshochschule working on projects together and show them on stage. At first, we were not sure how this event would actually look like. Therefore, we named it SOMETHING.<\/p>\n\n\n\n<p>In 2016, over 70 people where involved in this event and 15 different acts were performed. There was dance, music, poetry slam, theatre, a calendar project and more. SOMETHING 2.0 was also successfully used to raise some funds for a local orphanage. In the future we aim to organize this event on a yearly basis in order to support and further develop the so-called &#8222;KarlsSpirit&#8220;.<\/p>\n\n\n\n<hr class=\"wp-block-separator has-alpha-channel-opacity\"\/>\n\n\n\n<h3 class=\"wp-block-heading\">Voices@Karls<\/h3>\n\n\n\n<p>Voices@Karls ist eine feministische Initiative, die Veranstaltungen und Weiterbildungen f\u00fcr die Karls und Karlsruhe Community organisiert. Unser Flaggschiff-Event ist das j\u00e4hrliche KarlsPride. Dar\u00fcber hinaus haben wir Veranstaltungen, Vortr\u00e4ge und Workshops&nbsp;und weitere Initiativen im Zusammenhang mit dem Engagement der Karls f\u00fcr Inklusion, z. B. zu den Themen Geichstellung der Geschlechter, Antirassismus, psychisches Wohlbefinden, LGTBQI+, k\u00f6rperliche und psychische Beeintr\u00e4chtigungen und deren \u00dcberschneidungen, sexuelle Bel\u00e4stigung, Mikroaggressionen, Selbstbestimmung und Empowerment&#8230; Wir treffen uns auch regelm\u00e4\u00dfig untereinander in einer kleineren Gruppe, um \u00fcber diese Themen zu sprechen, uns gegenseitig zu unterst\u00fctzen und zu reflektieren.<\/p>\n\n\n\n<p>Wir wollen offene Gespr\u00e4che \u00fcber diese verschiedenen Themen f\u00fchren. Wir feiern unsere Gemeinsamkeiten und Unterschiede, denn niemand soll sich ausgegrenzt f\u00fchlen. Es ist erstaunlich, die Menschen unter der Oberfl\u00e4che kennenzulernen und sich unserer verschiedenen Talente bewusst zu werden.<\/p>\n\n\n\n<p>Unser Fokus liegt darauf, jede einzigartige Pers\u00f6nlichkeit anzuerkennen, Inklusion und Empowerment zu erziehen und zu zeigen, wie stolz wir auf unsere Vielfalt sind. Wir glauben, dass es genau das ist, was Karls so besonders macht. In den Veranstaltungen, die wir organisieren, teilen wir unsere Erfahrungen in einer direkten und unterst\u00fctzenden Umgebung. Daraus bauen wir eine Plattform f\u00fcr reflektierte und ehrliche Gespr\u00e4che und finden Anworten auf unsere Fragen. Unsere Abende sind eine Mischung aus Diskussionen, Fragen, Antworten und Open-Mic-Sessions, sogar mit einem k\u00fcnstlerischen Abschluss am Ende.<\/p>\n\n\n\n<p>Wenn du Lust hast, bei der Ideenfindung und der Organisation solcher Veranstaltungen mitzuwirken, hei\u00dfen wir dich im Voices@Karls-Team herzlich willkommen! Die Ideen und Beitr\u00e4ge jedes einzelnen sind hoch gesch\u00e4tzt. Rollen in den Bereichen Projektmanagement, Marketing und Kommunikation, Social Media, Redaktion und Moderation, Experten-Panels und Vorf\u00fchrungen sind verf\u00fcgbar. Deiner Phantasie sind keine Grenzen gesetzt.<\/p>\n\n\n\n<p>Wenn du Fragen, Feedback oder W\u00fcnsche hast oder mit uns gemeinsam \u00fcber Diversity-Themen diskutieren und zuk\u00fcnftige Veranstaltungen vorbereiten willst, freuen wir uns \u00fcber deine Stimme!<\/p>\n\n\n\n<hr class=\"wp-block-separator has-alpha-channel-opacity\"\/>\n\n\n\n<h3 class=\"wp-block-heading\">Studierendenvertretung (StuV)<\/h3>\n\n\n\n<p>Die Studierendenvertretung der Karlshochschule hat ein breit gef\u00e4chertes Aufgabenfeld. Als Team versuchen wir die Studierenden der Karlshochschule in allen Angelegenheiten zu vertreten, ihnen zu helfen und zwischen ihnen und der Hochschule zu kommunizieren und zu vermitteln.&nbsp;<\/p>\n\n\n\n<p>Die StuV wird zu Beginn des Wintersemesters durch die Studierendenschaft demokratisch gew\u00e4hlt und hat eine Amtszeit von zwei Semestern.<\/p>\n\n\n\n<p>Wir haben eine Politik der offenen T\u00fcr und m\u00f6chten alle Studierenden dazu ermutigen, jederzeit konstruktives Feedback zu \u00e4u\u00dfern oder Ideen beizutragen, um die Bedingungen an unserer Hochschule stetig zu verbessern. So haben wir schon unterschiedlichste Anliegen umgesetzt, zum Beispiel die Studierendenk\u00fcche oder unisex-Toiletten.<\/p>\n\n\n\n<p>In der Berufungskommission, dem Pr\u00fcfungsausschuss, dem Qualit\u00e4tsausschuss und dem Fakult\u00e4tsrat vertreten wir die Interessen unserer Kommilitonen und tragen unseren Teil dazu bei, unsere Hochschule zu verbessern. Wir k\u00f6nnen mitbestimmen, welche neuen Professoren an unserer Hochschule mitwirken sollen und welche Verbesserungen am Hochschulalltag vorgenommen werden. Hierf\u00fcr werden zahlreiche Probevorlesungen und Evaluationen durchgef\u00fchrt.&nbsp;Mit Hilfe der Kurssprecher sorgen wir f\u00fcr einen besseren Informationsfluss innerhalb der Studieng\u00e4nge und Kurse und f\u00fcr mehr Transparenz.&nbsp;<\/p>\n\n\n\n<p>Dar\u00fcber hinaus sind wir f\u00fcr das Merchandising und die Schlie\u00dff\u00e4cher der Karlshochschule zust\u00e4ndig. Damit der Studienalltag einfacher und erfreulicher zu Gange geht, sorgen wir daf\u00fcr, dass unsere Studierenden ihre Wertsachen und Lernmaterialen gut verstauen k\u00f6nnen.&nbsp;<\/p>\n\n\n\n<p>Des Weiteren organisieren wir die Orientierungswoche f\u00fcr neue Studierende am Anfang des Wintersemesters mit, um einen optimalen Start in den Hochschulalltag zu gew\u00e4hrleisten.&nbsp; Daneben organisieren wir auch regelm\u00e4\u00dfig Events, Studienreisen und Vortr\u00e4ge.<\/p>\n\n\n\n<p class=\"lastonpage\">Hast du Ideen, wie wir die Karls weiter verbessern k\u00f6nnen? M\u00f6chtest du ein Schlie\u00dffach mieten? Setze dich mit uns in Verbindung oder lass dich f\u00fcr die n\u00e4chste Wahl aufstellen! Wir sind daf\u00fcr da, deine Interessen zu vertreten.<\/p>\n","protected":false},"excerpt":{"rendered":"<p>Du kannst dich einer der zahlreichen Initiativen anschlie\u00dfen oder selbst eine gr\u00fcnden! Die Karlshochschule ist vor allem ein Ort des gemeinsamen Ausprobierens. Hier kannst Du &#8230; <a title=\"Studierendeninitiativen\" class=\"read-more\" href=\"https:\/\/www.karlshochschule.de\/de\/unileben\/studierendeninitiativen.html\" aria-label=\"Mehr Informationen \u00fcber Studierendeninitiativen\">Details<\/a><\/p>\n","protected":false},"author":1,"featured_media":827,"comment_status":"closed","ping_status":"closed","sticky":false,"template":"","format":"standard","meta":{"footnotes":""},"categories":[27],"tags":[],"class_list":["post-826","post","type-post","status-publish","format-standard","has-post-thumbnail","hentry","category-unileben","infinite-scroll-item","generate-columns","tablet-grid-50","mobile-grid-100","grid-parent","grid-50"],"_links":{"self":[{"href":"https:\/\/www.karlshochschule.de\/de\/wp-json\/wp\/v2\/posts\/826","targetHints":{"allow":["GET"]}}],"collection":[{"href":"https:\/\/www.karlshochschule.de\/de\/wp-json\/wp\/v2\/posts"}],"about":[{"href":"https:\/\/www.karlshochschule.de\/de\/wp-json\/wp\/v2\/types\/post"}],"author":[{"embeddable":true,"href":"https:\/\/www.karlshochschule.de\/de\/wp-json\/wp\/v2\/users\/1"}],"replies":[{"embeddable":true,"href":"https:\/\/www.karlshochschule.de\/de\/wp-json\/wp\/v2\/comments?post=826"}],"version-history":[{"count":0,"href":"https:\/\/www.karlshochschule.de\/de\/wp-json\/wp\/v2\/posts\/826\/revisions"}],"wp:featuredmedia":[{"embeddable":true,"href":"https:\/\/www.karlshochschule.de\/de\/wp-json\/wp\/v2\/media\/827"}],"wp:attachment":[{"href":"https:\/\/www.karlshochschule.de\/de\/wp-json\/wp\/v2\/media?parent=826"}],"wp:term":[{"taxonomy":"category","embeddable":true,"href":"https:\/\/www.karlshochschule.de\/de\/wp-json\/wp\/v2\/categories?post=826"},{"taxonomy":"post_tag","embeddable":true,"href":"https:\/\/www.karlshochschule.de\/de\/wp-json\/wp\/v2\/tags?post=826"}],"curies":[{"name":"wp","href":"https:\/\/api.w.org\/{rel}","templated":true}]}}