{"id":1595,"date":"2023-11-15T15:03:47","date_gmt":"2023-11-15T14:03:47","guid":{"rendered":"https:\/\/karlshochschule.de\/unkategorisiert\/prof-dr-nadja-meisterhans.html"},"modified":"2025-09-15T16:47:18","modified_gmt":"2025-09-15T14:47:18","slug":"prof-dr-nadja-meisterhans","status":"publish","type":"post","link":"https:\/\/www.karlshochschule.de\/en\/our-university\/team-en\/professors\/prof-dr-nadja-meisterhans.html","title":{"rendered":"Prof. Dr. Nadja Meisterhans"},"content":{"rendered":"\n<h2 class=\"wp-block-heading\">At the university since<\/h2>\n\n\n\n<ul class=\"wp-block-list\">\n<li>September 2021<\/li>\n<\/ul>\n\n\n\n<h2 class=\"wp-block-heading\">Focus on teaching<\/h2>\n\n\n\n<ul class=\"wp-block-list\">\n<li>Director of Studies Citizenship and Civic Engagement B.A. and Globalization, Governance and Law B.A. <\/li>\n\n\n\n<li>International Relations B.A.  <\/li>\n\n\n\n<li>Politics, Philosophy and Economics B.A.  <\/li>\n\n\n\n<li>Citizenship and Civic Engagement B.A.  <\/li>\n\n\n\n<li>Globalization, Governance and Law B.A.  <\/li>\n\n\n\n<li>Social Transformation Master  <\/li>\n<\/ul>\n\n\n\n<h2 class=\"wp-block-heading\">Main research areas (<a href=\"https:\/\/orcid.org\/0000-0002-4687-6513\" target=\"_blank\" rel=\"noreferrer noopener\">OCRID<\/a>)<\/h2>\n\n\n\n<ul class=\"wp-block-list\">\n<li>Political theory\/political philosophy (especially critical theory and psychoanalytical and postcolonial feminist critique of power and domination)  <\/li>\n\n\n\n<li>Critical global governance (especially post-development and global health) Global law (especially human rights)  <\/li>\n\n\n\n<li>Psychoanalytical social psychology  <\/li>\n\n\n\n<li>Since 2019 &#8211; Nov. 2023: Board member of the Gesellschaft f\u00fcr psychoanalytische Sozialpsychologie (GfpS) <a href=\"http:\/\/psychoanalytischesozialpsychologie.de\/\" target=\"_blank\" rel=\"noreferrer noopener\">http:\/\/psychoanalytischesozialpsychologie.de\/<\/a><\/li>\n\n\n\n<li>Since 2019: Head of the working group &#8220;Psychoanalysis and Critique. Transdisciplinary Perspectives&#8221; at the Gesellschaft f\u00fcr Psychoanalytische Sozialpsychologie (GfpS) (together with Dr. Daniel Zettler) <br><a href=\"http:\/\/psychoanalytischesozialpsychologie.de\/arbeitsgruppen\/ag-kritische-theorie-polwi-soz\/.&amp;nbsp\" target=\"_blank\" rel=\"noreferrer noopener\">psychoanalytischesozialpsychologie.de\/arbeitsgruppen\/ag-kritische-theorie-polwi-soz\/.&amp;nbsp<\/a>;<\/li>\n<\/ul>\n\n\n\n<p>Interested students and researchers are cordially invited to attend and participate in the meetings (hybrid format) of the &#8220;Psychoanalysis and Critique&#8221; working group! If you are interested, please send an e-mail to: nmeisterhans(at)karlshochschule.de<\/p>\n\n\n\n<h2 class=\"wp-block-heading\">Current research project<\/h2>\n\n\n\n<p><a href=\"https:\/\/krisendialektik.de\/\" target=\"_blank\" rel=\"noopener\">Dialectics of the pandemic <\/a>(originally approved by the FWF &#8211; Austrian Science Fund)<\/p>\n\n\n\n<p>The project was transferred to the Deutsche Forschungsgemeinschaft (DFG) as part of the &#8220;Money follows Researcher&#8221; program: <br><u><a href=\"https:\/\/eur02.safelinks.protection.outlook.com\/?url=https%3A%2F%2Fgepris.dfg.de%2Fgepris%2Fprojekt%2F511445208%3FbeginOfFunding%3D%26bundesland%3DDEU%2523%26contrast%3D0%26fachgebiet%3D%2523%26findButton%3DhistoryCall%26ggsHunderter%3D0%26hitsPerPage%3D5%26index%3D137540%26lis%3D%2523%26nurProjekteMitAB%3Dfalse%26oldGgsHunderter%3D0%26teilprojekte%3Dtrue&amp;data=05%7C02%7Cgschultz%40karlshochschule.org%7C9bfa754c197b4f430d3f08dc6619175d%7C6a545df8ec814cf7b120d67ca1d4cddb%7C0%7C0%7C638497505158540542%7CUnknown%7CTWFpbGZsb3d8eyJWIjoiMC4wLjAwMDAiLCJQIjoiV2luMzIiLCJBTiI6Ik1haWwiLCJXVCI6Mn0%3D%7C0%7C%7C%7C&amp;sdata=N1%2BYsSggMfZcBaykWZLGIUN6LRQjAr2h1dr9TUPs4xM%3D&amp;reserved=0\" target=\"_blank\" rel=\"noopener\">DFG &#8211; GEPRIS &#8211; Dialectics of the Pandemic: Between Authoritarianism and Utopia?<\/a><\/u><\/p>\n\n\n\n<p>For a detailed project description see <a href=\"https:\/\/eur02.safelinks.protection.outlook.com\/?url=https%3A%2F%2Fkarlshochschule.de%2Ffileadmin%2Fuser_upload%2FProject_description_long_version_NM_05_2023.pdf%3F_gl%3D1*ogy0ro*_ga*MTQ3OTcxMjcwNC4xNzEzMjg1NzIy*_ga_L3P18B84Q7*MTcxNDE0NDcwMy43LjEuMTcxNDE0NDcwMy4wLjAuMA..&amp;data=05%7C02%7Cgschultz%40karlshochschule.org%7C9bfa754c197b4f430d3f08dc6619175d%7C6a545df8ec814cf7b120d67ca1d4cddb%7C0%7C0%7C638497505158552556%7CUnknown%7CTWFpbGZsb3d8eyJWIjoiMC4wLjAwMDAiLCJQIjoiV2luMzIiLCJBTiI6Ik1haWwiLCJXVCI6Mn0%3D%7C0%7C%7C%7C&amp;sdata=i7JjlqsSPXklcCilD9dfpgt1zB3uOACJmje3Mojyzz8%3D&amp;reserved=0\">link<\/a><a href=\"https:\/\/eur02.safelinks.protection.outlook.com\/?url=https%3A%2F%2Fkarlshochschule.de%2Ffileadmin%2Fuser_upload%2FProject_description_long_version_NM_05_2023.pdf%3F_gl%3D1*ogy0ro*_ga*MTQ3OTcxMjcwNC4xNzEzMjg1NzIy*_ga_L3P18B84Q7*MTcxNDE0NDcwMy43LjEuMTcxNDE0NDcwMy4wLjAuMA..&amp;data=05%7C02%7Cgschultz%40karlshochschule.org%7C9bfa754c197b4f430d3f08dc6619175d%7C6a545df8ec814cf7b120d67ca1d4cddb%7C0%7C0%7C638497505158559734%7CUnknown%7CTWFpbGZsb3d8eyJWIjoiMC4wLjAwMDAiLCJQIjoiV2luMzIiLCJBTiI6Ik1haWwiLCJXVCI6Mn0%3D%7C0%7C%7C%7C&amp;sdata=kelINX%2BaryiWha29mhqeDXMPOZUhQtzwAcUe5pA4mrM%3D&amp;reserved=0\"> <\/a><\/p>\n\n\n\n<h2 class=\"wp-block-heading\">Professional background \/ practical experience<\/h2>\n\n\n\n<p>Since Sept. 2021  <br>Professor of Political Philosophy with a focus on Global Governance, Civil Society and Social Movements at Karlshochschule International University <\/p>\n\n\n\n<p>SS 2021 <br>Visiting Professor at the Institute for International Development at the University of Vienna<\/p>\n\n\n\n<p>WS 2020  <br>Lecturer at the University of Vienna at the Faculty of Psychology \/ Lecturer at the University of Applied Sciences of the BFI\/Vienna in the field of Political Economy <\/p>\n\n\n\n<p>Since 12.2019 \u2013 12.2023<br>Board member of the Society for Psychoanalytical Social Psychology (GfpS)<\/p>\n\n\n\n<p>2015 &#8211; 2021  <br>Lecturer at the Karlshochschule\/International University in the study programs &#8220;Politics, Philosophy and Economics&#8221;, &#8220;International Relations&#8221;, and &#8220;Civic Engagement&#8221; in Karlsruhe <\/p>\n\n\n\n<p>02.2017 &#8211; 31.1.2020<br>PostDoc\/Senior Lecturer at the Institute for Social and Societal Policy of the Faculty of Social and Economic Sciences of the Johannes Kepler University Linz (75 %) <\/p>\n\n\n\n<p>03.2015 &#8211; 31.1.2017<br>Lecturer at the Institute for Social and Sociopolitical Policy at the Faculty of Social and Economic Sciences at the Johannes Kepler University Linz <\/p>\n\n\n\n<p>08.2016 &#8211; 12.2016<br>Research Assistant\/PostDoc at the Institute of Political Science, Department of Political Theory, Justus Liebig University Giessen <\/p>\n\n\n\n<p>09.2013 &#8211; 03.2016<br>Scientific advisor to the managing director of the human rights organization Medico International, Frankfurt\/Main <\/p>\n\n\n\n<p>04.2013 &#8211; 08.2013<br>Lecturer at Darmstadt University of Applied Sciences (Digital Media department) <\/p>\n\n\n\n<p>04.2013 &#8211; 08.2013<br>Lecturer at the Institute of Political Science, Department of Political Theory and History of Ideas at TU Darmstadt <\/p>\n\n\n\n<p>10.2012 &#8211; 08.2013<br>Lecturerat the Institute for Political Science at the Justus Liebig University Giessen <\/p>\n\n\n\n<p>11. 2011 &#8211; 10.2012<br>Deputy Junior Professor for Democracy Research at the Institute of Political Science at Justus Liebig University Giessen  <\/p>\n\n\n\n<p>10.2011 &#8211; 03.2012<br>Lecturer at the Institute of Political Science, Department of Political Theory and History of Ideas at TU Darmstadt <\/p>\n\n\n\n<p>11.2010 &#8211; 10.2011<br>Research assistant for special teaching tasks at the Institute of Sociology at the University of Flensburg <\/p>\n\n\n\n<p>05.2010 &#8211; 10.2013<br>Freelance political consultant at &#8220;Deichblick&#8221; &#8211; Agency for Film and Television, Bremen <\/p>\n\n\n\n<p>09.2006 &#8211; 05.2010<br>Research assistant<\/p>\n\n\n\n<h2 class=\"wp-block-heading\">Further information<\/h2>\n\n\n\n<p><strong>International research collaborations and memberships in international research networks:<\/strong><\/p>\n\n\n\n<ul class=\"wp-block-list\">\n<li>University of Vienna (Austria): Cooperation with the Institute for Political Science and the Institute for International Development as part of the DFG project &#8220;The Dialectics of the Pandemic&#8221;  <\/li>\n\n\n\n<li>University of Art and Design Linz (Austria): Cooperation with the Department of Cultural Studies as part of the DFG project &#8220;The Dialectics of the Pandemic&#8221;  <\/li>\n\n\n\n<li>Psychoanalytical University (IPU), Berlin: Cooperation in the field of cultural theory and psychoanalysis  <\/li>\n\n\n\n<li>Political Psychology Working Group at Leibniz Universit\u00e4t Hannover  <\/li>\n\n\n\n<li>Working Group Political Psychology at the Sigmund Freud Institute, Frankfurt\/Main  <\/li>\n<\/ul>\n\n\n\n<p><strong>Civil society engagement<\/strong><\/p>\n\n\n\n<ul class=\"wp-block-list\">\n<li>Medico International (international human rights and aid organization) <\/li>\n\n\n\n<li>Peoples Health Movement (shadow reports in the WHO) <\/li>\n\n\n\n<li>Political consulting at the Institute for Solidary Modernity as well as diverse civil society involvement in the areas of gender, democracy and human rights. <\/li>\n<\/ul>\n\n\n\n<p><strong>Expert activity<\/strong><\/p>\n\n\n\n<ul class=\"wp-block-list\">\n<li>BioMed Central, STM (Science, Technology and Medicine), peer-reviewed open access journal, Springer Press.  <\/li>\n\n\n\n<li>Middle East &#8211; Topics &amp; Arguments, open access, peer reviewed online journal  <\/li>\n\n\n\n<li>Momentum Quarterly, Zeitschrift f\u00fcr Sozialen Fortschritt\/Journal for Societas <strong>Progress<\/strong><\/li>\n<\/ul>\n\n\n\n<h2 class=\"wp-block-heading\">Publications (selection)<\/h2>\n\n\n\n<p><strong>Monographs  <\/strong> <\/p>\n\n\n\n<ul class=\"wp-block-list\">\n<li>Menschenrechte als weltgesellschaftliche Herrschaftspraxis. Zur Demokratisierung und Konstitutionalisierung des V\u00f6lkerrechts, published in a series on political sociology edited by Hauke Brunkhorst, Regina Kreide and Andrew Arato, Baden-Baden: Nomos, 2010 <\/li>\n<\/ul>\n\n\n\n<p><strong>Editorships<\/strong> <\/p>\n\n\n\n<ul class=\"wp-block-list\">\n<li>Feministische Kritiken und Menschenrechte. Reflexionen auf ein produktives Spannungsverh\u00e4ltnis, Volume 27, Series: Politics and Gender, Opladen: Budrich Verlag, 2016, together with Imke Leicht, Christine L\u00f6w, Katharina Volk <\/li>\n\n\n\n<li>Materialit\u00e4t neu denken. Materialit\u00e4t anders denken \u2013 Feministische Interventionen<em>,<\/em> Volume 28, Series: Politics and Gender, Opladen: Budrich Verlag, 2017, together with Imke Leicht, Christine L\u00f6w, Katharina Volk <\/li>\n\n\n\n<li>Book series &#8220;Politik und Geschlecht&#8221; Barbara Budrich Verlag (together with Imke Leicht, Christine L\u00f6w, Katharina Volk, Katharina) (October 2012 &#8211; September 2014) <\/li>\n\n\n\n<li>Introductory volumes \u201ePolitik und Geschlecht kompakt<em>\u201c<\/em>, Barbara Budrich Verlag (together with Imke Leicht, Christine L\u00f6w, Katharina Volk, Katharina) (October 2012 &#8211; September 2014) <\/li>\n<\/ul>\n\n\n\n<p><strong>Articles in specialist journals\/journal articles (peer reviewed)<\/strong> <\/p>\n\n\n\n<ul class=\"wp-block-list\">\n<li>Das gro\u00dfe Versagen in der Pandemie: Macht- und herrschaftskritische Anmerkungen zu den intersektionalen Dimensionen einer politisch gemachten Katastrophe. In: Momentum Quaterly Vol. 11, No. 2 (2022), p. 77 &#8211; 142 <a href=\"https:\/\/www.momentum-quarterly.org\/ojs2\/index.php\/momentum\/article\/view\/4082\" target=\"_blank\" rel=\"noreferrer noopener\">https:\/\/www.momentum-quarterly.org\/ojs2\/index.php\/momentum\/article\/view\/4082<\/a> <\/li>\n\n\n\n<li>Authoritarian Populism and the Dialectics of Desire. Perspectives of Ideology-Critique, in: Berlin Journal of Critical Theory, Volume 5, Number 1 (January, 2021), pp. 99 &#8211; 131 <a href=\"https:\/\/www.bjct.de\/files\/Issues%20of%20the%20BJCT\/BJCT_1-2021.pdf\" target=\"_blank\" rel=\"noreferrer noopener\">%20of%<\/a> <\/li>\n\n\n\n<li>Wider dem Tod der feministischen Utopie \u2013 Zum emanzipatorischen Potential radikalfeministischer und postkolonialer Ans\u00e4tze in Zeiten des autorit\u00e4ren Backlashs, in: Femina Politica &#8211; Journal for Feminist Political Science, 2019, pp. 72 &#8211; 84 <a href=\"https:\/\/www.bjct.de\/files\/Issues%20of%20the%20BJCT\/BJCT_1-2021.pdf\" target=\"_blank\" rel=\"noreferrer noopener\">https:\/\/doi.org\/10.3224\/feminapolitica.v28i1.06<\/a> <\/li>\n\n\n\n<li>WHO in Crisis. Lessons learned from the Ebola outbreak and beyond, in: The Chinese Journal of Global Governance (peer-reviewed, open-access, interdisciplinary academic journal), No. 2, 2016, pp.1 &#8211; 29  <\/li>\n\n\n\n<li>Die neoliberale M\u00e4r vom wohlt\u00e4tigen Unternehmertum: Der Philanthrokapitalimus als Herrendiskurs, in: Zeitschrift &#8220;Psychologie und Gesellschaftskritik, &#8220;Sozialer Wandel und Subjektivit\u00e4t&#8221;, edited by Markus Brunner and Nora Ruck, Pabst Science Publisher, Jg. 38, Issue 2 &#8211; 3, 2015, p. 41 &#8211; 63  <\/li>\n\n\n\n<li>Konstitutionalisierungsperspektiven des fragmentierten Weltrechts, (with Tanja Hitzel-Cassagnes) in: Hauke Brunkhorst (ed.), Demokratie in der Weltgesellschaft (Soziale Welt Sonderband Nr. 18), Baden-Baden, 2009, pp.159 &#8211; 184, has also been published in a special volume on globalization in the Montenegrin journal PLIMA, supported by the S. Fischer Foundation and edited by Hauke Brunkhorst <\/li>\n\n\n\n<li>Health for all: Implementing the Right to Health in the Post-2015 Agenda &#8211; Critical Interventions from the Global South (in English and Spanish) in: Social Medicine\/Medicina Social (bilingual, academic, open-access journal, published by the Department of Family and Social Medicine at Montefiore Medical Center\/Albert Einstein College of Medicine and the Latin American Social Medicine Association &#8211; ALAMES), 2015, pp. 109 &#8211; 125. Published as part of Go4health &#8211; FP 7 &#8211; The European Union&#8217;s Seventh Program for research, technological development and demonstration under grant agreement  <\/li>\n\n\n\n<li>Meisterhans, Nadja (2017): Das Unbehagen im Neoliberalismus. Postideologisches Denken und Rechtspopulismus &#8211; eine heimliche Liaison? In: Psychologie &amp; Gesellschaftskritik, Jg. 41, Heft 3\/4, S. 109-129.<\/li>\n<\/ul>\n\n\n\n<p><strong>Articles in specialist journals\/journal articles (reviewed by the editors)<\/strong> <\/p>\n\n\n\n<ul class=\"wp-block-list\">\n<li><em>Politiken des Todes?<\/em> Nekropolitischer Populismus in Zeiten multipler Krisen. In:<strong> <\/strong>Zeitschrift Tri\u00ebdere 27, 2024, S.93-97<\/li>\n\n\n\n<li><em>Mit der Psychoanalyse und dem Surrealismus von der Paranoia zur Utopie? Perspektiven der Ideologiekritik in Zeiten der Transformation <\/em>(zusammen mit Stefanie Graul), in: Free Association. Journal of Psychoanalytic Social Psychology,, 2023, 26\/1, S. 45 &#8211; 61<\/li>\n\n\n\n<li>Menschenrechte und Demokratie \u2013 eine kosmopolitische Perspektive (together with Franziska Martinsen and Rainer Schmalz-Bruns), in: Zeitschrift f\u00fcr Menschenrechte No. 2, 2008, pp. 26 &#8211; 44 <\/li>\n\n\n\n<li>Feministische Netzwerkbildung \u2013 eine (selbst-)kritische Bestandsaufnahme<em>,<\/em> in: Femina Politica, Issue 1\/2014 (together with Leicht, Imke\/L\u00f6w, Christine\/Volk, Katharina Volk), p. 161 &#8211; 162 <\/li>\n\n\n\n<li>An alternative model of governance? In: Journal for Development and Cooperation (DC), 2014\/07, Frankfurter Societ\u00e4ts-Medien, pp. 296 &#8211; 298  <\/li>\n\n\n\n<li>Der Amoklauf als entfremdeter und androzentrischer Anerkennungswusch, in: Normalunget\u00fcme: School Shootings aus psychoanalytisch-sozialpsychologischer Perspektive, in: Brunner, Markus\/ Lohl, Jan (ed.) PsychoSozial Verlag, Gie\u00dfen, 2013, p. 35 &#8211; 58 <\/li>\n\n\n\n<li>Die Naturzustandskonstruktion als Erz\u00e4hlung? Zum Versuch einer antimetaphysischen Anwendung, in: Zeitschrift f\u00fcr Menschenrechte\/Journal for Human Rights, Wochenschauverlag, Vol.7, No.1, 7, 2013, pp. 152 &#8211; 163 <\/li>\n\n\n\n<li>Normativit\u00e4t und Narration. Wie Unrechtsgeschichten den Menschenrechtsdiskurs vorantreiben, in: Kritische Justiz, Heft. 1, 2010, S. 22 &#8211; 28.  <\/li>\n\n\n\n<li>Frieden durch Kants Weltb\u00fcrgerrecht? In: Berliner Debatte Initial 15: 4 2004, p. 103 &#8211; 112  <\/li>\n<\/ul>\n\n\n\n<p><strong>Articles in edited volumes (<\/strong><strong>peer reviewed)<\/strong><\/p>\n\n\n\n<ul class=\"wp-block-list\">\n<li>The global dialectics of a pandemic: Between necropolitics and utopian imagination. In: Jakupec, Victor\/ Kelly, Max\/ de Percy, Michael (eds.) COVID-19 and Foreign Aid. Nationalism and Global Development in a New World Order. Routledge,  <br><a href=\"https:\/\/www.routledge.com\/COVID-19-and-Foreign-Aid-Nationalism-and-Global-Development-in-a-New-World\/Jakupec-Kelly-Percy\/p\/book\/9781032227115\" target=\"_blank\" rel=\"noreferrer noopener\">https:\/\/www.routledge.com\/COVID-19-and-Foreign-Aid-Nationalism-and-Global-Development-in-a-New-World\/Jakupec-Kelly-Percy\/p\/book\/9781032227115  <\/a><\/li>\n<\/ul>\n\n\n\n<p><strong>Articles in edited volumes (reviewed by the editors)<\/strong><\/p>\n\n\n\n<ul class=\"wp-block-list\">\n<li>Subjektivierung, Sublimierung und Transformation. Philosophisch-psychoanalytische Perspektiven des Utopischen im Dystopischen, in: Buchhammer, Brigitte (Hrsg.): Gender, Queer, Feminismus: Umbr\u00fcche und Herausforderungen, Lit Verlag, 2024, S. 45 &#8211; 61<\/li>\n\n\n\n<li>The Dialectics of Desire. Feminist-psychoanalytical Perspectives on Law,in: Buchhammer, Brigitte\/Kallhoff, Angela: Human Rights. Feminist and Genderphilosophical Perspectives. Series of the Society for Women in Philosophy, 2021, pp. 32 &#8211; 65.  <\/li>\n\n\n\n<li>Menschenrechte ohne den Staat? Zur Notwendigkeit postnationaler Grundrechte, in: Deitelhoff, Nicole\/Steffek, Jens (eds.): Was bleibt vom Staat? Demokratie, Verfassung und Recht im globalen Zeitalter, Frankfurt\/Main, 2010, pp. 281 &#8211; 308. <\/li>\n\n\n\n<li>Neue Ordnungsmuster in Recht und Politik der globalen Sicherheit, in: Ordnungsmuster der globalen Sicherheit (with Andreas Fischer-Lescano), in: Andreas Fischer-Lescano\/ Peter Mayer (eds.), Recht und Politik globaler Sicherheit: Bestandsaufnahme und Erkl\u00e4rungsans\u00e4tze, Berlin\/Campus 2013, p. 363 &#8211; 383 <\/li>\n<\/ul>\n\n\n\n<p><strong>Miscellaneous<\/strong> <\/p>\n\n\n\n<p><strong>Essays at the interface between politics and science (Policy Papers)<\/strong> <\/p>\n\n\n\n<ul class=\"wp-block-list\">\n<li>Globale Gesundheitspolitik: Die WHO und der Philantrokapitalismus in Zeiten von Corona, in: Series of the Jahoda Bauer Institute, available at <a href=\"https:\/\/jbi.or.at\/globale-gesundheitspolitik-die-who-und-der-philantrokapitalismus-in-zeiten-von-corona\/&nbsp;\" target=\"_blank\" rel=\"noreferrer noopener\">https:\/\/jbi.or.at\/globale-gesundheitspolitik-die-who-und-der-philantrokapitalismus-in-zeiten-von-corona\/<\/a><\/li>\n<\/ul>\n\n\n\n<p><strong>Comments  <\/strong> <\/p>\n\n\n\n<ul class=\"wp-block-list\">\n<li>Die Pr\u00e4senz von Frauen erh\u00f6hen und feministische Forschung vorantreiben. Der Arbeitskreis &#8220;Politik und Geschlecht&#8221; in der Deutschen Vereinigung f\u00fcr politische Wissenschaft, in: WissenschaftInnen-Rundbrief FU Berlin, No. 1\/2013, p. 17 &#8211; 18 (together with Imke Leicht, Christine L\u00f6w, Katarina Volk <\/li>\n<\/ul>\n\n\n\n<p><strong>Interviews (written)  <\/strong> <\/p>\n\n\n\n<ul class=\"wp-block-list\">\n<li>Human Rights as an Emerging Process, Interview with Charles Beitz, in: Zeitschrift f\u00fcr Menschenrechte, vol. 4, no.2, 2010, pp.148 &#8211; 154 (together with Regina Kreide and Petra G\u00fcmplowa)  <\/li>\n<\/ul>\n\n\n\n<p><strong>Scientific opinions<\/strong><\/p>\n\n\n\n<ul class=\"wp-block-list\">\n<li>Perspektiven und Herausforderungen einer Verzahnung von Wissenschaft und Zivilgesellschaft um das Thema Global Health in Deutschland zu st\u00e4rken<em>, <\/em>expert interview-based report for Medico International, completed February 2016 <\/li>\n<\/ul>\n\n\n\n<p><strong>Research reports<\/strong> <\/p>\n\n\n\n<ul class=\"wp-block-list\">\n<li>&#8220;Trans psychoanalytics&#8221;? Neue Perspektiven einer psychoanalytisch inspirierten Macht- und Herrschaftskritik? A Commentary on a Research Debate and a Review of Transgender Studies Quarterly, in: Transgender Quaterly, Focus Issue: Transpsychoanalytics, in: RISS. Journal for Psychoanalysis, 2019, No. 91  <\/li>\n<\/ul>\n\n\n\n<p><strong>Reviews<\/strong> <\/p>\n\n\n\n<ul class=\"wp-block-list\">\n<li>Zu Jens Wissel\/Stefanie W\u00f6hl (Hrsg.): Staatstheorie vor neuen Herausforderungen unter dem Titel \u201cDie R\u00fcckkehr einer bereits Todgesagten. Zur Renaissance der materialistischen Staatstheorie, in: Neue Politische Literatur, 2010, No. 2, pp. 356 &#8211; 357 <\/li>\n\n\n\n<li>Zu Peter Niesen: Kants Theorie der Redefreiheit, Baden-Baden, in: Kantstudien, 2010, pp. 25 &#8211; 30 <\/li>\n\n\n\n<li>Zu Herfried M\u00fcnkler, Imperien. Die Logik der Weltherrschaft. Vom alten Rom bis zu den Vereinigten Staaten, Berlin 2005, in: Politische Vierteljahreszeitschrift 4\/2006, p. 738 &#8211; 740 (together with Oliver Eberl)<\/li>\n<\/ul>\n\n\n\n<p><strong><strong>Public lectures and conference papers\/extracts (*International conferences +invited lectures)<\/strong><\/strong><\/p>\n\n\n\n<ul class=\"wp-block-list\">\n<li>+Nie wieder ist jetzt! Keynote with reference to the research project on the authoritarian crisis of democracy on the occasion of the SP\u00d6 <a href=\"https:\/\/www.spooe.at\/2024\/02\/05\/gedenkfeiern-90-jahre-12-februar-1934\/\" target=\"_blank\" rel=\"noopener\">commemoration of the beginning of Austrofascism: 90 years &#8220;February 12, 1934&#8221;,<\/a> Linz, 12.2.2024<\/li>\n\n\n\n<li>+Soziale Bewegungen und Klimapolitik. Kneynote and panel discussion with reference to the research project on the authoritarian crisis of democracy<em>, S\u00fcdwind Austria, Linz <\/em>14.02.2024<\/li>\n\n\n\n<li>+Autorit\u00e4re Kippunkte? Zur Kriminalisierung der Klimaproteste in \u00d6sterreich und Deutschland. Development Policy University Weeks, <a>Johannes Kepler University, <\/a>20.11.2023  <\/li>\n\n\n\n<li>*Die autorit\u00e4r-populistische Krise der Demokratie und Perspektiven der \u00dcberwindung? Vom Verschw\u00f6rungsglauben zur Utopie? Three-country conference on political science, Johannes Kepler University, 13.9.2023<\/li>\n\n\n\n<li>*From Paranoia to Utopia? <em>Psychoanalytical-philosophical reflections on performative-surrealist crisis-solving,<\/em> 4th Lisbon International Conference on Philosophy of Science (LICPOS 2023)<strong>,<\/strong> University of Lisbon (Ci\u00eancias ULisboa), 12-7-15.7.2023.<\/li>\n<\/ul>\n\n\n\n<p><strong><strong>Podcasts<\/strong><\/strong><\/p>\n\n\n\n<ul class=\"wp-block-list\">\n<li>Jung &amp; Naiv political interview program (20.7.2023) by <a href=\"https:\/\/eur02.safelinks.protection.outlook.com\/?url=https%3A%2F%2Fwww.wikiwand.com%2Fde%2FTilo_Jung&amp;data=05%7C02%7Cgschultz%40karlshochschule.org%7C777d5d3a7eea42c7cb7a08dc7e396936%7C6a545df8ec814cf7b120d67ca1d4cddb%7C0%7C0%7C638524032241340684%7CUnknown%7CTWFpbGZsb3d8eyJWIjoiMC4wLjAwMDAiLCJQIjoiV2luMzIiLCJBTiI6Ik1haWwiLCJXVCI6Mn0%3D%7C0%7C%7C%7C&amp;sdata=7eHpEOZzuoGfgQhBfkU7Jw8kqSufF0ohYNLDVKwCHgc%3D&amp;reserved=0\" target=\"_blank\" rel=\"noopener\">Tilo Jung<\/a>, Alexander Theiler, <a href=\"https:\/\/eur02.safelinks.protection.outlook.com\/?url=https%3A%2F%2Fwww.wikiwand.com%2Fde%2FHans_Jessen_(Journalist)&amp;data=05%7C02%7Cgschultz%40karlshochschule.org%7C777d5d3a7eea42c7cb7a08dc7e396936%7C6a545df8ec814cf7b120d67ca1d4cddb%7C0%7C0%7C638524032241352018%7CUnknown%7CTWFpbGZsb3d8eyJWIjoiMC4wLjAwMDAiLCJQIjoiV2luMzIiLCJBTiI6Ik1haWwiLCJXVCI6Mn0%3D%7C0%7C%7C%7C&amp;sdata=6LCuABgvTHrFI41OKdJ8I6YVFuC%2Bl%2BRVnS5KDIEptG4%3D&amp;reserved=0\" target=\"_blank\" rel=\"noopener\">Hans Jessen<\/a> and <a href=\"https:\/\/eur02.safelinks.protection.outlook.com\/?url=https%3A%2F%2Fwww.wikiwand.com%2Fde%2FJuliane_Marie_Schreiber&amp;data=05%7C02%7Cgschultz%40karlshochschule.org%7C777d5d3a7eea42c7cb7a08dc7e396936%7C6a545df8ec814cf7b120d67ca1d4cddb%7C0%7C0%7C638524032241358663%7CUnknown%7CTWFpbGZsb3d8eyJWIjoiMC4wLjAwMDAiLCJQIjoiV2luMzIiLCJBTiI6Ik1haWwiLCJXVCI6Mn0%3D%7C0%7C%7C%7C&amp;sdata=Ao1%2FE6EeQ42Asti6GVG8QePfTdoWfZ%2FwelONQThSMf0%3D&amp;reserved=0\" target=\"_blank\" rel=\"noopener\">Juliane Marie Schreiber<\/a>. Topic: &#8220;Neoliberal democracy and conspiracy myths&#8221;, <a href=\"https:\/\/eur02.safelinks.protection.outlook.com\/?url=https%3A%2F%2Fwww.youtube.com%2Fwatch%3Fv%3DevI7v50fxko&amp;data=05%7C02%7Cgschultz%40karlshochschule.org%7C777d5d3a7eea42c7cb7a08dc7e396936%7C6a545df8ec814cf7b120d67ca1d4cddb%7C0%7C0%7C638524032241365278%7CUnknown%7CTWFpbGZsb3d8eyJWIjoiMC4wLjAwMDAiLCJQIjoiV2luMzIiLCJBTiI6Ik1haWwiLCJXVCI6Mn0%3D%7C0%7C%7C%7C&amp;sdata=7mXQsCyVNtoJNDaIdTXm76mAY8xwkPJ6La7Dnu7J9%2Fc%3D&amp;reserved=0\" target=\"_blank\" rel=\"noopener\">Nadja Meisterhans on neoliberal democracy &amp; conspiracy myths &#8211; Jung &amp; Naiv: Episode 652 &#8211; YouTube<\/a><\/li>\n\n\n\n<li>Podcast (13.11.2023) of the International University Berlin (IPU). Topic: Psychoanalysis and critical theory and the question of the extent to which the neoliberal promise of happiness is an ideological offer of repression, <a href=\"https:\/\/eur02.safelinks.protection.outlook.com\/?url=https%3A%2F%2Fwww.youtube.com%2Fwatch%3Fv%3D54tbsTtk-IE&amp;data=05%7C02%7Cgschultz%40karlshochschule.org%7C777d5d3a7eea42c7cb7a08dc7e396936%7C6a545df8ec814cf7b120d67ca1d4cddb%7C0%7C0%7C638524032241371992%7CUnknown%7CTWFpbGZsb3d8eyJWIjoiMC4wLjAwMDAiLCJQIjoiV2luMzIiLCJBTiI6Ik1haWwiLCJXVCI6Mn0%3D%7C0%7C%7C%7C&amp;sdata=xpcS5PiNEDyqHGXF2I94OVQ41QeU7zBUHz4UURfkCIc%3D&amp;reserved=0\" target=\"_blank\" rel=\"noopener\">Gl\u00fcck macht doof &#8211; 50 Minuten &#8211; YouTube<\/a><\/li>\n\n\n\n<li>Podcast (21.12.2023) with political journalist Hans Jessen and the Ernst-Haeckel-Gymnasium. Topic: Division of society. Between a shift to the right and wokeness?, <a href=\"https:\/\/eur02.safelinks.protection.outlook.com\/?url=https%3A%2F%2Fpolitikgefluester.podigee.io%2Fabout&amp;data=05%7C02%7Cgschultz%40karlshochschule.org%7C777d5d3a7eea42c7cb7a08dc7e396936%7C6a545df8ec814cf7b120d67ca1d4cddb%7C0%7C0%7C638524032241378591%7CUnknown%7CTWFpbGZsb3d8eyJWIjoiMC4wLjAwMDAiLCJQIjoiV2luMzIiLCJBTiI6Ik1haWwiLCJXVCI6Mn0%3D%7C0%7C%7C%7C&amp;sdata=zZPo7h8SHsYjMas4zo%2B%2FNwDqwyUl3M7kUz57%2BYpCNh8%3D&amp;reserved=0\" target=\"_blank\" rel=\"noopener\">Politikgefl\u00fcsterpodcast &#8211; the politics podcast from EHG (podigee.io)<\/a><\/li>\n<\/ul>\n","protected":false},"excerpt":{"rendered":"<p>Prof. Dr. Nadja Meisterhans<\/p>\n","protected":false},"author":1,"featured_media":916,"comment_status":"closed","ping_status":"closed","sticky":false,"template":"","format":"standard","meta":{"footnotes":""},"categories":[26],"tags":[],"class_list":["post-1595","post","type-post","status-publish","format-standard","has-post-thumbnail","hentry","category-professors","infinite-scroll-item","generate-columns","tablet-grid-50","mobile-grid-100","grid-parent","grid-50"],"_links":{"self":[{"href":"https:\/\/www.karlshochschule.de\/en\/wp-json\/wp\/v2\/posts\/1595","targetHints":{"allow":["GET"]}}],"collection":[{"href":"https:\/\/www.karlshochschule.de\/en\/wp-json\/wp\/v2\/posts"}],"about":[{"href":"https:\/\/www.karlshochschule.de\/en\/wp-json\/wp\/v2\/types\/post"}],"author":[{"embeddable":true,"href":"https:\/\/www.karlshochschule.de\/en\/wp-json\/wp\/v2\/users\/1"}],"replies":[{"embeddable":true,"href":"https:\/\/www.karlshochschule.de\/en\/wp-json\/wp\/v2\/comments?post=1595"}],"version-history":[{"count":0,"href":"https:\/\/www.karlshochschule.de\/en\/wp-json\/wp\/v2\/posts\/1595\/revisions"}],"wp:featuredmedia":[{"embeddable":true,"href":"https:\/\/www.karlshochschule.de\/en\/wp-json\/wp\/v2\/media\/916"}],"wp:attachment":[{"href":"https:\/\/www.karlshochschule.de\/en\/wp-json\/wp\/v2\/media?parent=1595"}],"wp:term":[{"taxonomy":"category","embeddable":true,"href":"https:\/\/www.karlshochschule.de\/en\/wp-json\/wp\/v2\/categories?post=1595"},{"taxonomy":"post_tag","embeddable":true,"href":"https:\/\/www.karlshochschule.de\/en\/wp-json\/wp\/v2\/tags?post=1595"}],"curies":[{"name":"wp","href":"https:\/\/api.w.org\/{rel}","templated":true}]}}