{"id":1615,"date":"2023-11-13T15:10:16","date_gmt":"2023-11-13T14:10:16","guid":{"rendered":"https:\/\/karlshochschule.de\/unkategorisiert\/prof-dr-dr-bjoern-bohnenkamp.html"},"modified":"2024-09-19T12:08:19","modified_gmt":"2024-09-19T10:08:19","slug":"prof-dr-dr-bjoern-bohnenkamp","status":"publish","type":"post","link":"https:\/\/www.karlshochschule.de\/en\/our-university\/team-en\/professors\/prof-dr-dr-bjoern-bohnenkamp.html","title":{"rendered":"Prof. Dr. Dr. Bj\u00f6rn Bohnenkamp"},"content":{"rendered":"\n<h2 class=\"wp-block-heading\">At the university since<\/h2>\n\n\n\n<ul class=\"wp-block-list\">\n<li>April 01, 2014<\/li>\n<\/ul>\n\n\n\n<h2 class=\"wp-block-heading\">Committees\/tasks<\/h2>\n\n\n\n<ul class=\"wp-block-list\">\n<li>Head of the Digital Management program<\/li>\n\n\n\n<li>Head of study program Management<\/li>\n<\/ul>\n\n\n\n<h2 class=\"wp-block-heading\">Focus on teaching<\/h2>\n\n\n\n<ul class=\"wp-block-list\">\n<li>Scientific work<\/li>\n\n\n\n<li>Marketing and Consumer Culture<\/li>\n\n\n\n<li>Media and communication<\/li>\n\n\n\n<li>Cultural management and marketing<\/li>\n\n\n\n<li>Digitalization and innovation<\/li>\n<\/ul>\n\n\n\n<h2 class=\"wp-block-heading\">Modules<\/h2>\n\n\n\n<ul class=\"wp-block-list\">\n<li>Introduction to scientific work and empirical social research<\/li>\n\n\n\n<li>Culture and markets<\/li>\n\n\n\n<li>Marketing: Creating Values, Relations and Marketing<\/li>\n\n\n\n<li>Exploring Consumer Culture<\/li>\n\n\n\n<li>Media, Communications and Storytelling<\/li>\n\n\n\n<li>Exploring Media Reception<\/li>\n<\/ul>\n\n\n\n<h2 class=\"wp-block-heading\">Research interests and fields<\/h2>\n\n\n\n<ul class=\"wp-block-list\">\n<li>Media and cultural marketing<\/li>\n\n\n\n<li>Consumer Culture Theory and Market Discourse Dynamics<\/li>\n\n\n\n<li>Generation Studies<\/li>\n\n\n\n<li>Digital ecosystems (consumption, communication and sustainability)<\/li>\n\n\n\n<li>Visual culture (film, television)<\/li>\n<\/ul>\n\n\n\n<h2 class=\"wp-block-heading\">Academic training and further education<\/h2>\n\n\n\n<ul class=\"wp-block-list\">\n<li>Doctorate (Dr. rer. pol. in Business Administration at the Westf\u00e4lische Wilhelms-Universit\u00e4t M\u00fcnster<\/li>\n\n\n\n<li>Doctorate (Dr. phil.) in Theater, Film and Television Studies at the University of Cologne<\/li>\n\n\n\n<li>Visiting Student Research Collaborator at Princeton University\/USA<\/li>\n\n\n\n<li>Semester abroad at the Sorbonne Nouvelle Paris\/France<\/li>\n\n\n\n<li>Studied business administration at the University of Cologne<\/li>\n\n\n\n<li>Studied economics at the University of Hagen<\/li>\n\n\n\n<li>Studied theater, film and television studies, German philology and political science at the University of Cologne<\/li>\n<\/ul>\n\n\n\n<h2 class=\"wp-block-heading\">Practical experience<\/h2>\n\n\n\n<ul class=\"wp-block-list\">\n<li>Career coach (self-marketing, self-organization, digital self)<\/li>\n\n\n\n<li>Independent marketing consultant, in particular for media companies, cultural organizations and the trade (e.g. TV 60, Studiocanal, Agentur Rights, ZKM, Infinity Docs, Motion Capture Group, IG S\u00fcdliche Waldstra\u00dfe, etc.)<\/li>\n\n\n\n<li>Freelance teaching for European Television and Media Academy Strasbourg\/France, University of M\u00fcnster and Baden-W\u00fcrttemberg Cooperative State University<\/li>\n<\/ul>\n\n\n\n<h2 class=\"wp-block-heading\">Current teaching and research projects<\/h2>\n\n\n\n<ul class=\"wp-block-list\">\n<li>Attention economy and success factors on YouTube<\/li>\n\n\n\n<li>Employer Branding &amp; Corporate Citizenship<\/li>\n\n\n\n<li>Ethics and sustainability in digital ecosystems<\/li>\n\n\n\n<li>Generation Studies: Consumer and working generations, evidence effects and identity politics<\/li>\n\n\n\n<li>Constructivist and cultural science theories of marketing<\/li>\n\n\n\n<li>Media brands: Adaptations, sequels and remakes<\/li>\n\n\n\n<li>Trash consumption: taste regimes, justification and normalization of consumption<\/li>\n<\/ul>\n\n\n\n<h2 class=\"wp-block-heading\">Further information<\/h2>\n\n\n\n<ul class=\"wp-block-list\">\n<li>Since 2018, reviewer for AQAS and the German Council of Science and Humanities<\/li>\n\n\n\n<li>2010-2016: Board member of the <a href=\"http:\/\/www.generationen-netzwerk.de\" target=\"_blank\" rel=\"noreferrer noopener\">Generation Research Network e.V<\/a>.<\/li>\n\n\n\n<li>2005-2008: DFG-Promotionsstipendium<\/li>\n\n\n\n<li>2000-2004: Sponsorship by the German National Academic Foundation<\/li>\n<\/ul>\n\n\n\n<h2 class=\"wp-block-heading\">Publications and working papers<\/h2>\n\n\n\n<p><strong>Journal articles (peer-reviewed)<\/strong><\/p>\n\n\n\n<ul class=\"wp-block-list\">\n<li>Bohnenkamp, Bj\u00f6rn (2020): Domestic marketing. In: Politics and Culture. Dossier Home &amp; Sustainability. S. 46-47.<\/li>\n\n\n\n<li>Bohnenkamp, B., Knapp, A.-K., Hennig-Thurau, T. and Schauerte, R. (2014): &#8220;When Does It Make Sense To Do It Again? An Empirical Investigation of Contingency Factors of Movie Remakes&#8221;. In: <em>Journal of Cultural Economics<\/em>, 39(1), 15-41.  <\/li>\n<\/ul>\n\n\n\n<p><strong>Online<\/strong><\/p>\n\n\n\n<ul class=\"wp-block-list\">\n<li>Bohnenkamp, Bj\u00f6rn, Marcus Burkhardt, Katja Grash\u00f6fer, Adrianna Hlukhovych, Angela Krewani, Tobias Matzner, Petra Missomelius, Felix Raczkowski, Mary Shnayien, Andreas Weich, Uwe Wippich (2020): Online teaching 2020. A discussion paper of the Education and Digitization Forums of the Society for Media Studies on university operations under Covid-19 conditions: <a href=\"https:\/\/hochschulforumdigitalisierung.de\/\" target=\"_blank\" rel=\"noreferrer noopener\">https:\/\/hochschulforumdigitalisierung.de\/.<\/a><\/li>\n<\/ul>\n\n\n\n<p><strong>Monographs<\/strong><\/p>\n\n\n\n<ul class=\"wp-block-list\">\n<li>Bohnenkamp, B. (2011): Doing Generation: on the staging of generational community in German-language written media. Bielefeld: Transcript.<\/li>\n<\/ul>\n\n\n\n<p><strong>Publications<\/strong><\/p>\n\n\n\n<ul class=\"wp-block-list\">\n<li>Bohnenkamp, B., Manning, T. and Silies, E.-M. (eds.) (2009): Generation as narrative: new perspectives on a cultural pattern of interpretation. G\u00f6ttingen: Wallstein.<\/li>\n\n\n\n<li>Bohnenkamp, B. et al. (ed.) (2006): Introduction to Media Culture Studies. M\u00fcnster: LIT.<\/li>\n<\/ul>\n\n\n\n<p><strong>Contributions to anthologies<\/strong><\/p>\n\n\n\n<ul class=\"wp-block-list\">\n<li>Bohnenkamp, Bj\u00f6rn (2020): The evolution of brands and marketing. In: Zukunftsinstitut (ed.): Transforming Brands. What makes brands strong in the future! Frankfurt am Main, pp. 94-100.<\/li>\n\n\n\n<li>Bohnenkamp, B. (2017): ReThinking Studying Marketing. In: K\u00fcpers, W., Sonnenburg, S. and Zierold, M. (eds.): ReThinking Management. Perspectives and Impacts of Cultural Turns and Beyond. Wiesbaden: Springer VS 2017, 191-204.<\/li>\n\n\n\n<li>Bohnenkamp, B. (2014): Telephony in the movie. In: Kirchmann, K. and Ruchatz, J. (eds.): Medienreflexion im Film. Bielefeld: Transcript, 349-366.<\/li>\n\n\n\n<li>Bohnenkamp, B. (2011): Switching Television: Criticism in\/of the System. In: Petras, O. and Sina, K. (eds.): Cultures of Critique. Media descriptions of the present between pop and protest. Dresden: Thelem, 127-148.<\/li>\n\n\n\n<li>Bohnenkamp, B. (2010): &#8220;Die Jugend vor 25 Jahren&#8221;: Generatiographien. In: Lauer, G. (ed.): Literaturwissenschaftliche Beitr\u00e4ge zur Generationsforschung. Wallstein: G\u00f6ttingen, 108-131.<\/li>\n\n\n\n<li>Bohnenkamp, B., Manning, T. and Silies, E.-M. (2009): Argument, myth, mission and construct: generational narratives in interdisciplinary perspective. In: Bohnenkamp, B., Manning, T. and Silies, E.-M. (eds.): Generation as Narrative. G\u00f6ttingen: Wallstein, 9-29.<\/li>\n\n\n\n<li>Bohnenkamp, B. (2009): Counting and storytelling: Generations as an effect of cultural techniques. In: Bohnenkamp, B., Manning, T. and Silies, E.-M. (eds.): Generation as Narrative. G\u00f6ttingen: Wallstein, 72-88.<\/li>\n\n\n\n<li>Bohnenkamp, B. (2008): The end of generations. In: GDI Impuls. Knowledge magazine for business, society and trade, 3, 8-15.<\/li>\n\n\n\n<li>Bohnenkamp, B. (2007): Class, Gender, Race, Generation: Generational Studies in Film Studies using the Example of Douglas Sirk&#8217;s Imitation of Life. In: Jahn-Sudmann, A. and Hi\u00dfnauer, C. (eds.): medien &#8211; zeit &#8211; zeichen. Marburg: Sch\u00fcren, 226-232.<\/li>\n\n\n\n<li>Bohnenkamp, B. and Schneider, I. (2005): Media Cultural Studies. In: Liebrand, C., Schneider, I., Bohnenkamp, B. and Frahm, L. (eds.): Einf\u00fchrung in die Medienkulturwissenschaft. M\u00fcnster: LIT, 35-48.<\/li>\n\n\n\n<li>Bohnenkamp, B. and Spangenberg, P.-M. (2005): Introduction to media stories. In: Liebrand, C., Schneider, I., Bohnenkamp, B. and Frahm, L. (eds.): Einf\u00fchrung in die Medienkulturwissenschaft. M\u00fcnster: LIT, 135-142.<\/li>\n\n\n\n<li>Bohnenkamp, B. and Blamberger, G. (2005): Author\/star. In: Liebrand, C., Schneider, I., Bohnenkamp, B. and Frahm, L. (eds.): Einf\u00fchrung in die Medienkulturwissenschaft. M\u00fcnster: LIT, 245-256.<\/li>\n\n\n\n<li>Bohnenkamp, B. (2005): Epidemic narration: Lars von Trier&#8217;s EPIDEMIC as a reflection of cinematic storytelling. In: Ahrens, M. and Kallwies, N. (eds.): Mediale Ansichten. Marburg: Sch\u00fcren, 179-186.<\/li>\n\n\n\n<li>Bohnenkamp, B. (2005): Der Club, das Zuhause, die Community: Zuschauer-Adressierung durch Schrift-Bild-Differenzen im deutschen Privatfernsehen. In: Vo\u00dfkamp,W. and Weingart, B. (ed.): Sichtbares und Sagbares. Cologne: DuMont, 140-164.<\/li>\n\n\n\n<li>Bohnenkamp, B. (2005): Telephones, cell phones, cell phones: Observations of a media upheaval in films. In: Eder, J. (ed.): Mediale Spielr\u00e4ume: Erfundene Welten, gestaltete Bilder. Marburg: Sch\u00fcren, 145-152.<\/li>\n<\/ul>\n","protected":false},"excerpt":{"rendered":"<p>Prof. Dr. Dr. Bj\u00f6rn Bohnenkamp<\/p>\n","protected":false},"author":1,"featured_media":895,"comment_status":"closed","ping_status":"closed","sticky":false,"template":"","format":"standard","meta":{"footnotes":""},"categories":[26],"tags":[],"class_list":["post-1615","post","type-post","status-publish","format-standard","has-post-thumbnail","hentry","category-professors","infinite-scroll-item","generate-columns","tablet-grid-50","mobile-grid-100","grid-parent","grid-50"],"_links":{"self":[{"href":"https:\/\/www.karlshochschule.de\/en\/wp-json\/wp\/v2\/posts\/1615","targetHints":{"allow":["GET"]}}],"collection":[{"href":"https:\/\/www.karlshochschule.de\/en\/wp-json\/wp\/v2\/posts"}],"about":[{"href":"https:\/\/www.karlshochschule.de\/en\/wp-json\/wp\/v2\/types\/post"}],"author":[{"embeddable":true,"href":"https:\/\/www.karlshochschule.de\/en\/wp-json\/wp\/v2\/users\/1"}],"replies":[{"embeddable":true,"href":"https:\/\/www.karlshochschule.de\/en\/wp-json\/wp\/v2\/comments?post=1615"}],"version-history":[{"count":0,"href":"https:\/\/www.karlshochschule.de\/en\/wp-json\/wp\/v2\/posts\/1615\/revisions"}],"wp:featuredmedia":[{"embeddable":true,"href":"https:\/\/www.karlshochschule.de\/en\/wp-json\/wp\/v2\/media\/895"}],"wp:attachment":[{"href":"https:\/\/www.karlshochschule.de\/en\/wp-json\/wp\/v2\/media?parent=1615"}],"wp:term":[{"taxonomy":"category","embeddable":true,"href":"https:\/\/www.karlshochschule.de\/en\/wp-json\/wp\/v2\/categories?post=1615"},{"taxonomy":"post_tag","embeddable":true,"href":"https:\/\/www.karlshochschule.de\/en\/wp-json\/wp\/v2\/tags?post=1615"}],"curies":[{"name":"wp","href":"https:\/\/api.w.org\/{rel}","templated":true}]}}